{"id":100034,"date":"2025-08-28T19:28:22","date_gmt":"2025-08-28T19:28:22","guid":{"rendered":"https:\/\/mppee.gob.ve\/?p=100034"},"modified":"2025-08-28T19:28:33","modified_gmt":"2025-08-28T19:28:33","slug":"trabajadores-de-la-corpoelec-reciben-curso-operador-integral-de-subestaciones-electricas","status":"publish","type":"post","link":"https:\/\/mppee.gob.ve\/?p=100034","title":{"rendered":"Trabajadores de CORPOELEC reciben curso \u00abOperador integral de subestaciones el\u00e9ctricas\u00bb"},"content":{"rendered":"\n<p><strong>Regi\u00f3n Occidente .-<\/strong> Con el curso \u00abOperador Integral de Subestaciones El\u00e9ctricas\u00bb\u00a0 la Corporaci\u00f3n El\u00e9ctrica Nacional (CORPOELEC) inici\u00f3 el proceso de capacitaci\u00f3n a 79 trabajadores adscritos a la regi\u00f3n Occidental del pa\u00eds, lo que comprende a 20 funcionarios de Falc\u00f3n, 12 Lara y 47 al estado Zulia.<\/p>\n\n\n\n<p>La formaci\u00f3n comenz\u00f3 a partir del d\u00eda lunes 25 de agosto y se espera culminar para el 10 septiembre, lo que abarca una duraci\u00f3n de 124 horas acad\u00e9micas, con conocimientos te\u00f3rico &#8211; pr\u00e1ctico.<\/p>\n\n\n\n<p>Las actividades formativas se desarrollar\u00e1n en las diferentes instalaciones de las estructuras organizativas designadas por las regiones que confirman el eje occidental de la estatal el\u00e9ctrica.<\/p>\n\n\n\n<p>Esta iniciativa tiene como objetivo principal formar a los participantes sobre las maniobras programadas o de emergencia, las cuales se efect\u00faan a los equipos de sistema de potencia, ubicados en las diferentes subestaciones el\u00e9ctricas de Transmisi\u00f3n y Distribuci\u00f3n de energ\u00eda.<\/p>\n\n\n\n<p>En funci\u00f3n fomentar los conocimientos de los participantes, a trav\u00e9s de 5&nbsp; m\u00f3dulos se desarrollar\u00e1 el contenido program\u00e1tico, abarcando los temas inherentes al Pensamiento Hist\u00f3rico y Acci\u00f3n Social, Inducci\u00f3n al trabajo Seguro y ambientalmente sustentable, subestaciones el\u00e9ctricas y Sistema Protecci\u00f3n El\u00e9ctrica.<\/p>\n\n\n\n<p>Este curso fue coordinado por CORPOELEC, con el objetivo de fomentar los conocimientos, actitudes y aptitudes integrales de los trabajadores al servicio del SEN.<\/p>\n\n\n\n<p><strong>Prensa MPPEE \u2013 CORPOELEC<\/strong><\/p>\n","protected":false},"excerpt":{"rendered":"<p>Regi\u00f3n Occidente .- Con el curso \u00abOperador Integral de Subestaciones El\u00e9ctricas\u00bb\u00a0 la Corporaci\u00f3n El\u00e9ctrica Nacional (CORPOELEC) inici\u00f3 el proceso de<\/p>\n","protected":false},"author":22,"featured_media":100035,"comment_status":"closed","ping_status":"closed","sticky":false,"template":"","format":"standard","meta":{"footnotes":""},"categories":[1],"tags":[],"class_list":["post-100034","post","type-post","status-publish","format-standard","has-post-thumbnail","hentry","category-mppee"],"_links":{"self":[{"href":"https:\/\/mppee.gob.ve\/index.php?rest_route=\/wp\/v2\/posts\/100034","targetHints":{"allow":["GET"]}}],"collection":[{"href":"https:\/\/mppee.gob.ve\/index.php?rest_route=\/wp\/v2\/posts"}],"about":[{"href":"https:\/\/mppee.gob.ve\/index.php?rest_route=\/wp\/v2\/types\/post"}],"author":[{"embeddable":true,"href":"https:\/\/mppee.gob.ve\/index.php?rest_route=\/wp\/v2\/users\/22"}],"replies":[{"embeddable":true,"href":"https:\/\/mppee.gob.ve\/index.php?rest_route=%2Fwp%2Fv2%2Fcomments&post=100034"}],"version-history":[{"count":2,"href":"https:\/\/mppee.gob.ve\/index.php?rest_route=\/wp\/v2\/posts\/100034\/revisions"}],"predecessor-version":[{"id":100037,"href":"https:\/\/mppee.gob.ve\/index.php?rest_route=\/wp\/v2\/posts\/100034\/revisions\/100037"}],"wp:featuredmedia":[{"embeddable":true,"href":"https:\/\/mppee.gob.ve\/index.php?rest_route=\/wp\/v2\/media\/100035"}],"wp:attachment":[{"href":"https:\/\/mppee.gob.ve\/index.php?rest_route=%2Fwp%2Fv2%2Fmedia&parent=100034"}],"wp:term":[{"taxonomy":"category","embeddable":true,"href":"https:\/\/mppee.gob.ve\/index.php?rest_route=%2Fwp%2Fv2%2Fcategories&post=100034"},{"taxonomy":"post_tag","embeddable":true,"href":"https:\/\/mppee.gob.ve\/index.php?rest_route=%2Fwp%2Fv2%2Ftags&post=100034"}],"curies":[{"name":"wp","href":"https:\/\/api.w.org\/{rel}","templated":true}]}}