{"id":100040,"date":"2025-08-28T19:44:09","date_gmt":"2025-08-28T19:44:09","guid":{"rendered":"https:\/\/mppee.gob.ve\/?p=100040"},"modified":"2025-08-28T19:44:11","modified_gmt":"2025-08-28T19:44:11","slug":"corpoelec-se-despliega-en-30-circuitos-de-los-estados-llaneros","status":"publish","type":"post","link":"https:\/\/mppee.gob.ve\/?p=100040","title":{"rendered":"CORPOELEC se despliega en 30 circuitos de los estados llaneros\u00a0"},"content":{"rendered":"\n<p><strong>\u200e<\/strong>L<strong>os Llanos.-\u00a0<\/strong>Dando continuidad a las jornadas de mantenimiento preventivo que lleva adelante la Corporaci\u00f3n El\u00e9ctrica Nacional (CORPOELEC), la clase trabajadora se desplegar\u00e1 en los estados Apure, Barinas, Cojedes, Gu\u00e1rico y Portuguesa, para adecuar los corredores de servicio en media y baja tensi\u00f3n.\u00a0\u200e<\/p>\n\n\n\n<p>\u200eEstas labores, se desarrollar\u00e1n en 30 circuitos e impactar\u00e1n en la calidad del suministro de energ\u00eda brindado en las entidades llaneras.\u200e<\/p>\n\n\n\n<p>\u200eLos trabajos programados para iniciar a las 12:00 del medio d\u00eda, se llevar\u00e1n acabo hasta\u00a0 las 04:00 de la tarde en los municipios\u00a0 Mu\u00f1oz, Barinas, Alberto Arvelo Torrealba, Sosa, Rojas, Pedraza, P\u00e1ez, Leonardo Infante, Francisco de Miranda, San Jer\u00f3nimo de Guayabal, Pedro Zaraza, Jos\u00e9 Felix Ribas, Araure y Agua Blanca.\u00a0\u200e<\/p>\n\n\n\n<p>\u200eMientras que, en la jurisdicci\u00f3n Pao de San Juan Bautista en el estado Cojedes, la jornada preventiva se desarrollar\u00e1 hasta las 03:00 de la tarde.<\/p>\n\n\n\n<p>\u200eDe esta manera, CORPOELEC reitera su compromiso de sumar acciones eficientes que tributan a la estabilidad del Sistema El\u00e9ctrico Nacional (SEN).<\/p>\n\n\n\n<p><strong>Prensa MPPEE \u2013 CORPOELEC<\/strong><\/p>\n\n\n\n<p>\u200e<\/p>\n","protected":false},"excerpt":{"rendered":"<p>\u200eLos Llanos.-\u00a0Dando continuidad a las jornadas de mantenimiento preventivo que lleva adelante la Corporaci\u00f3n El\u00e9ctrica Nacional (CORPOELEC), la clase trabajadora<\/p>\n","protected":false},"author":22,"featured_media":100042,"comment_status":"closed","ping_status":"closed","sticky":false,"template":"","format":"standard","meta":{"footnotes":""},"categories":[30],"tags":[2722,2698,2710,2691,2729,11,2725,2744,46],"class_list":["post-100040","post","type-post","status-publish","format-standard","has-post-thumbnail","hentry","category-regionales","tag-apure","tag-barinas","tag-cojedes","tag-corpoelec","tag-guarico","tag-mppee","tag-portuguesa","tag-sen","tag-venezuela"],"_links":{"self":[{"href":"https:\/\/mppee.gob.ve\/index.php?rest_route=\/wp\/v2\/posts\/100040","targetHints":{"allow":["GET"]}}],"collection":[{"href":"https:\/\/mppee.gob.ve\/index.php?rest_route=\/wp\/v2\/posts"}],"about":[{"href":"https:\/\/mppee.gob.ve\/index.php?rest_route=\/wp\/v2\/types\/post"}],"author":[{"embeddable":true,"href":"https:\/\/mppee.gob.ve\/index.php?rest_route=\/wp\/v2\/users\/22"}],"replies":[{"embeddable":true,"href":"https:\/\/mppee.gob.ve\/index.php?rest_route=%2Fwp%2Fv2%2Fcomments&post=100040"}],"version-history":[{"count":1,"href":"https:\/\/mppee.gob.ve\/index.php?rest_route=\/wp\/v2\/posts\/100040\/revisions"}],"predecessor-version":[{"id":100043,"href":"https:\/\/mppee.gob.ve\/index.php?rest_route=\/wp\/v2\/posts\/100040\/revisions\/100043"}],"wp:featuredmedia":[{"embeddable":true,"href":"https:\/\/mppee.gob.ve\/index.php?rest_route=\/wp\/v2\/media\/100042"}],"wp:attachment":[{"href":"https:\/\/mppee.gob.ve\/index.php?rest_route=%2Fwp%2Fv2%2Fmedia&parent=100040"}],"wp:term":[{"taxonomy":"category","embeddable":true,"href":"https:\/\/mppee.gob.ve\/index.php?rest_route=%2Fwp%2Fv2%2Fcategories&post=100040"},{"taxonomy":"post_tag","embeddable":true,"href":"https:\/\/mppee.gob.ve\/index.php?rest_route=%2Fwp%2Fv2%2Ftags&post=100040"}],"curies":[{"name":"wp","href":"https:\/\/api.w.org\/{rel}","templated":true}]}}