{"id":100208,"date":"2025-09-02T20:35:08","date_gmt":"2025-09-02T20:35:08","guid":{"rendered":"https:\/\/mppee.gob.ve\/?p=100208"},"modified":"2025-09-02T20:49:32","modified_gmt":"2025-09-02T20:49:32","slug":"corpoelec-realizara-jornadas-de-atencion-a-usuarios-en-anzoategui","status":"publish","type":"post","link":"https:\/\/mppee.gob.ve\/?p=100208","title":{"rendered":"CORPOELEC realizar\u00e1 jornadas de atenci\u00f3n a usuarios en Anzo\u00e1tegui"},"content":{"rendered":"\n<p><strong>Estado Anzo\u00e1tegui.-<\/strong> La Corporaci\u00f3n El\u00e9ctrica Nacional (CORPOELEC), movilizar\u00e1 en el estado Anzo\u00e1tegui, este mi\u00e9rcoles 3 y jueves 4 de septiembre, a todo su personal del \u00e1rea operativa comercial para atender a usuarios residenciales y comerciales.<\/p>\n\n\n\n<p>La Jornada de Atenci\u00f3n Integral al Usuario, se efectuar\u00e1 a partir de las 08:00 de la ma\u00f1ana hasta la 01:00 de la tarde, ofreciendo a los suscriptores asesor\u00eda, informaci\u00f3n, actualizaci\u00f3n de datos y pagos de facturas a trav\u00e9s de los canales digitales disponibles.<\/p>\n\n\n\n<p>Los agentes comerciales estar\u00e1n desplegados en los siguientes municipios y sectores, el d\u00eda mi\u00e9rcoles 3 de septiembre de 2025:<\/p>\n\n\n\n<p>-Municipio Sim\u00f3n Rodr\u00edguez, en la avenida Rotaria de El Tigre.<\/p>\n\n\n\n<p>-Municipio San Jos\u00e9 de Guani en la avenida Fern\u00e1ndez Padilla de El Tigrito.<\/p>\n\n\n\n<p>-Municipio Anaco, en las calles Freites, Eulalia Buroz, Caballero, Anzo\u00e1tegui, Negro Primero y en la avenida Miranda.<\/p>\n\n\n\n<p>-Municipio Sotillo, en Pueblo Nuevo y en las calles: Venezuela, Bol\u00edvar, Florida, Libertad y Montes; Casco Central de Puerto La Cruz. Calle Buenos Aires y Av. 5 de julio.<\/p>\n\n\n\n<p>-Municipio Sim\u00f3n Bol\u00edvar, calle Bol\u00edvar, avenida Ra\u00fal Leoni y en el sector&nbsp; Barrio Sucre de Barcelona.<\/p>\n\n\n\n<p>-Municipio Diego Bautista Urbaneja, avenida Anzo\u00e1tegui.<\/p>\n\n\n\n<p>-Municipio Pe\u00f1alver, sector Las Tres Cruces de Puerto P\u00edritu.<\/p>\n\n\n\n<p>-Municipio Francisco de Miranda, calles: 1-2 del sector Fern\u00e1ndez Padilla.<\/p>\n\n\n\n<p>-Municipio Aragua, calle Libertad del pueblo Aragua de Barcelona.<\/p>\n\n\n\n<p>-Municipio Freites, calle Santander de Pueblo Nuevo de Cantaura.<\/p>\n\n\n\n<p>-Municipio Bruzual, avenida Fern\u00e1ndez Padilla.<\/p>\n\n\n\n<p>Para el jueves 4 de septiembre de 2025, estar\u00e1n activos de las 08:00 de la ma\u00f1ana hasta la 01:00 de la tarde en:<\/p>\n\n\n\n<p>-Municipio Sim\u00f3n Rodr\u00edguez, calles: Bol\u00edvar,&nbsp; Sucre, Ayacucho, Aragua, Brasil y Anzo\u00e1tegui de El Tigre.<\/p>\n\n\n\n<p>-Municipio San Jos\u00e9 de Guanipa, Centro Comercial Malaver I-II de El Tigrito.<\/p>\n\n\n\n<p>-Municipio Anaco, calles: Sucre, Monagas, Primero de Mayo, Arismendi, Las Brisas, Cojedes y 24 de julio.<\/p>\n\n\n\n<p>-Municipio Sotillo, en el sector La Caraque\u00f1a y calles: La Unidad, Sucre, Santa Rosa, San Miguel, San Francisco, Rivero, Pinto Salinas, Libertad y La L\u00ednea, Casco Central de Puerto La Cruz. Calle Maneiro, Honduras y Bol\u00edvar.<\/p>\n\n\n\n<p>-Municipio Sim\u00f3n Bol\u00edvar, sectores: Boyac\u00e1 II, Boyac\u00e1 III y en las Av. Fuerzas Armadas y Cajigal de Barcelona.<\/p>\n\n\n\n<p>-Municipio Diego Bautista Urbaneja, avenida Bol\u00edvar.<\/p>\n\n\n\n<p>-Municipio Pe\u00f1alver, sector Las Tres Cruces de Puerto P\u00edritu.<\/p>\n\n\n\n<p>-Municipio Francisco de Miranda, calle Principal, sector Fern\u00e1ndez Padilla.<\/p>\n\n\n\n<p>-Municipio Aragua, calle Hurtado del pueblo Aragua de Barcelona.<\/p>\n\n\n\n<p>-Municipio&nbsp;Freites, calle Bol\u00edvar de Pueblo Nuevo de Cantaura.<\/p>\n\n\n\n<p>-Municipio Bruzual, avenida Fern\u00e1ndez Padilla, Parroquia Guanape.<\/p>\n\n\n\n<p>Para m\u00e1s informaci\u00f3n sobre las Jornadas Integrales de Atenci\u00f3n al Usuario, puede consultar la cuenta\u00a0<a href=\"https:\/\/www.instagram.com\/corpoelecinfo\/\">@corpoelecinfo\u00a0<\/a>en Instagram o visitar la p\u00e1gina<a href=\"https:\/\/www.facebook.com\/Corpoelecinfo\">\u00a0Corpoelec Informa\u00a0<\/a>en Facebook.<\/p>\n\n\n\n<p><strong>Prensa MPPEE-CORPOELEC<\/strong><\/p>\n","protected":false},"excerpt":{"rendered":"<p>Estado Anzo\u00e1tegui.- La Corporaci\u00f3n El\u00e9ctrica Nacional (CORPOELEC), movilizar\u00e1 en el estado Anzo\u00e1tegui, este mi\u00e9rcoles 3 y jueves 4 de septiembre,<\/p>\n","protected":false},"author":24,"featured_media":98250,"comment_status":"closed","ping_status":"closed","sticky":false,"template":"","format":"standard","meta":{"footnotes":""},"categories":[30],"tags":[2706,3218,2691,2769],"class_list":["post-100208","post","type-post","status-publish","format-standard","has-post-thumbnail","hentry","category-regionales","tag-anzoategui","tag-atencion-2","tag-corpoelec","tag-usuario"],"_links":{"self":[{"href":"https:\/\/mppee.gob.ve\/index.php?rest_route=\/wp\/v2\/posts\/100208","targetHints":{"allow":["GET"]}}],"collection":[{"href":"https:\/\/mppee.gob.ve\/index.php?rest_route=\/wp\/v2\/posts"}],"about":[{"href":"https:\/\/mppee.gob.ve\/index.php?rest_route=\/wp\/v2\/types\/post"}],"author":[{"embeddable":true,"href":"https:\/\/mppee.gob.ve\/index.php?rest_route=\/wp\/v2\/users\/24"}],"replies":[{"embeddable":true,"href":"https:\/\/mppee.gob.ve\/index.php?rest_route=%2Fwp%2Fv2%2Fcomments&post=100208"}],"version-history":[{"count":4,"href":"https:\/\/mppee.gob.ve\/index.php?rest_route=\/wp\/v2\/posts\/100208\/revisions"}],"predecessor-version":[{"id":100214,"href":"https:\/\/mppee.gob.ve\/index.php?rest_route=\/wp\/v2\/posts\/100208\/revisions\/100214"}],"wp:featuredmedia":[{"embeddable":true,"href":"https:\/\/mppee.gob.ve\/index.php?rest_route=\/wp\/v2\/media\/98250"}],"wp:attachment":[{"href":"https:\/\/mppee.gob.ve\/index.php?rest_route=%2Fwp%2Fv2%2Fmedia&parent=100208"}],"wp:term":[{"taxonomy":"category","embeddable":true,"href":"https:\/\/mppee.gob.ve\/index.php?rest_route=%2Fwp%2Fv2%2Fcategories&post=100208"},{"taxonomy":"post_tag","embeddable":true,"href":"https:\/\/mppee.gob.ve\/index.php?rest_route=%2Fwp%2Fv2%2Ftags&post=100208"}],"curies":[{"name":"wp","href":"https:\/\/api.w.org\/{rel}","templated":true}]}}