{"id":100464,"date":"2025-09-12T15:30:47","date_gmt":"2025-09-12T15:30:47","guid":{"rendered":"http:\/\/mppee.gob.ve\/?p=100464"},"modified":"2025-09-12T15:30:49","modified_gmt":"2025-09-12T15:30:49","slug":"activan-mas-de-mil-luminarias-de-alumbrado-publico-en-el-eje-guarenas-guatire-caucagua","status":"publish","type":"post","link":"https:\/\/mppee.gob.ve\/?p=100464","title":{"rendered":"Activan m\u00e1s de mil luminarias de alumbrado p\u00fablico en el eje Guarenas\u2013Guatire\u2013Caucagua"},"content":{"rendered":"\n<p><strong>Estado Miranda.\u2013<\/strong> A trav\u00e9s del Plan de Mantenimiento Integral de Alumbrado P\u00fablico, operarios de la Corporaci\u00f3n El\u00e9ctrica Nacional (CORPOELEC) activaron 1.190 luminarias en calles, avenidas y autopistas del eje Guarenas\u2013Guatire\u2013Caucagua, como parte de las acciones orientadas a mejorar la visibilidad y seguridad en espacios p\u00fablicos del estado Miranda.<\/p>\n\n\n\n<p>Durante el mes de agosto, fueron instaladas l\u00e1mparas con tecnolog\u00eda LED de 100, 150, 200 y 300 vatios de potencia, con el objetivo de brindar mayor proyecci\u00f3n de luz blanca en horas nocturnas.<\/p>\n\n\n\n<p>Las cuadrillas tambi\u00e9n ejecutaron labores de sustituci\u00f3n de cableado, limpieza de tanquillas, instalaci\u00f3n de fusibles y fotoc\u00e9lulas, solventando aver\u00edas registradas en el sistema de alumbrado.<\/p>\n\n\n\n<p>El mantenimiento se despleg\u00f3 en la autopista Gran Mariscal de Ayacucho, avenida Miguel Acevedo y en v\u00edas principales y de acceso de los sectores Buenaventura, La Rosa, Los Naranjos y Nueva Casarapa.<\/p>\n\n\n\n<p>El Gobierno Nacional reafirma su compromiso con el fortalecimiento del Sistema El\u00e9ctrico Nacional (SEN), promoviendo espacios p\u00fablicos iluminados, seguros y funcionales para el bienestar de las comunidades mirandinas.<\/p>\n\n\n\n<p><strong>Prensa MPPEE &#8211; CORPOELEC<\/strong><\/p>\n","protected":false},"excerpt":{"rendered":"<p>Estado Miranda.\u2013 A trav\u00e9s del Plan de Mantenimiento Integral de Alumbrado P\u00fablico, operarios de la Corporaci\u00f3n El\u00e9ctrica Nacional (CORPOELEC) activaron<\/p>\n","protected":false},"author":24,"featured_media":100465,"comment_status":"closed","ping_status":"closed","sticky":false,"template":"","format":"standard","meta":{"footnotes":""},"categories":[30],"tags":[2691,2756,2709],"class_list":["post-100464","post","type-post","status-publish","format-standard","has-post-thumbnail","hentry","category-regionales","tag-corpoelec","tag-iluminacion","tag-miranda"],"_links":{"self":[{"href":"https:\/\/mppee.gob.ve\/index.php?rest_route=\/wp\/v2\/posts\/100464","targetHints":{"allow":["GET"]}}],"collection":[{"href":"https:\/\/mppee.gob.ve\/index.php?rest_route=\/wp\/v2\/posts"}],"about":[{"href":"https:\/\/mppee.gob.ve\/index.php?rest_route=\/wp\/v2\/types\/post"}],"author":[{"embeddable":true,"href":"https:\/\/mppee.gob.ve\/index.php?rest_route=\/wp\/v2\/users\/24"}],"replies":[{"embeddable":true,"href":"https:\/\/mppee.gob.ve\/index.php?rest_route=%2Fwp%2Fv2%2Fcomments&post=100464"}],"version-history":[{"count":1,"href":"https:\/\/mppee.gob.ve\/index.php?rest_route=\/wp\/v2\/posts\/100464\/revisions"}],"predecessor-version":[{"id":100466,"href":"https:\/\/mppee.gob.ve\/index.php?rest_route=\/wp\/v2\/posts\/100464\/revisions\/100466"}],"wp:featuredmedia":[{"embeddable":true,"href":"https:\/\/mppee.gob.ve\/index.php?rest_route=\/wp\/v2\/media\/100465"}],"wp:attachment":[{"href":"https:\/\/mppee.gob.ve\/index.php?rest_route=%2Fwp%2Fv2%2Fmedia&parent=100464"}],"wp:term":[{"taxonomy":"category","embeddable":true,"href":"https:\/\/mppee.gob.ve\/index.php?rest_route=%2Fwp%2Fv2%2Fcategories&post=100464"},{"taxonomy":"post_tag","embeddable":true,"href":"https:\/\/mppee.gob.ve\/index.php?rest_route=%2Fwp%2Fv2%2Ftags&post=100464"}],"curies":[{"name":"wp","href":"https:\/\/api.w.org\/{rel}","templated":true}]}}