{"id":100475,"date":"2025-09-12T19:21:07","date_gmt":"2025-09-12T19:21:07","guid":{"rendered":"http:\/\/mppee.gob.ve\/?p=100475"},"modified":"2025-09-12T19:21:08","modified_gmt":"2025-09-12T19:21:08","slug":"corpoelec-articula-acciones-para-fortalecer-la-experiencia-del-usuario","status":"publish","type":"post","link":"https:\/\/mppee.gob.ve\/?p=100475","title":{"rendered":"CORPOELEC articula acciones para fortalecer la experiencia del usuario"},"content":{"rendered":"\n<p><strong>San Bernardino, Caracas.- <\/strong>El ministro del Poder Popular para la Energ\u00eda El\u00e9ctrica (MPPEE), Jorge M\u00e1rquez, lider\u00f3 una reuni\u00f3n con representantes de la Gerencia de Comercializaci\u00f3n de la Corporaci\u00f3n El\u00e9ctrica Nacional (CORPOELEC), orientada a consolidar la experiencia de los usuarios y mejorar la eficiencia operativa de la estatal el\u00e9ctrica.<\/p>\n\n\n\n<p>El encuentro se realiz\u00f3 en la sede del Ministerio del Poder Popular para la Energ\u00eda El\u00e9ctrica, en Caracas, y cont\u00f3 con la participaci\u00f3n del presidente de CORPOELEC, Jos\u00e9 Luis Betancourt; el gerente general de Comercializaci\u00f3n, Pedro Garc\u00eda; as\u00ed como representantes de las gerencias nacionales y estadales del \u00e1rea comercial.<\/p>\n\n\n\n<p>Durante la sesi\u00f3n de trabajo, se evaluaron estrategias para impulsar procesos esenciales de esta unidad dedicada a la gesti\u00f3n comercial y administrativa asociada a la prestaci\u00f3n del servicio el\u00e9ctrico.<\/p>\n\n\n\n<p>Esta reuni\u00f3n incluy\u00f3 la participaci\u00f3n activa de trabajadores y trabajadoras, quienes compartieron experiencias y propuestas orientadas a fortalecer la expansi\u00f3n comercial.<\/p>\n\n\n\n<p>En sinton\u00eda con los lineamientos del presidente de la Rep\u00fablica, Nicol\u00e1s Maduro, CORPOELEC ratifica su compromiso con el desarrollo nacional y con el bienestar de su mayor activo: los usuarios y usuarias.<\/p>\n\n\n\n<p><strong>Prensa MPPEE-CORPOELEC<\/strong><\/p>\n","protected":false},"excerpt":{"rendered":"<p>San Bernardino, Caracas.- El ministro del Poder Popular para la Energ\u00eda El\u00e9ctrica (MPPEE), Jorge M\u00e1rquez, lider\u00f3 una reuni\u00f3n con representantes<\/p>\n","protected":false},"author":24,"featured_media":100477,"comment_status":"closed","ping_status":"closed","sticky":false,"template":"","format":"standard","meta":{"footnotes":""},"categories":[15],"tags":[2934,2691,2763,2752,2769],"class_list":["post-100475","post","type-post","status-publish","format-standard","has-post-thumbnail","hentry","category-nacionales","tag-comercializacion","tag-corpoelec","tag-jorge-marquez","tag-servicio","tag-usuario"],"_links":{"self":[{"href":"https:\/\/mppee.gob.ve\/index.php?rest_route=\/wp\/v2\/posts\/100475","targetHints":{"allow":["GET"]}}],"collection":[{"href":"https:\/\/mppee.gob.ve\/index.php?rest_route=\/wp\/v2\/posts"}],"about":[{"href":"https:\/\/mppee.gob.ve\/index.php?rest_route=\/wp\/v2\/types\/post"}],"author":[{"embeddable":true,"href":"https:\/\/mppee.gob.ve\/index.php?rest_route=\/wp\/v2\/users\/24"}],"replies":[{"embeddable":true,"href":"https:\/\/mppee.gob.ve\/index.php?rest_route=%2Fwp%2Fv2%2Fcomments&post=100475"}],"version-history":[{"count":1,"href":"https:\/\/mppee.gob.ve\/index.php?rest_route=\/wp\/v2\/posts\/100475\/revisions"}],"predecessor-version":[{"id":100476,"href":"https:\/\/mppee.gob.ve\/index.php?rest_route=\/wp\/v2\/posts\/100475\/revisions\/100476"}],"wp:featuredmedia":[{"embeddable":true,"href":"https:\/\/mppee.gob.ve\/index.php?rest_route=\/wp\/v2\/media\/100477"}],"wp:attachment":[{"href":"https:\/\/mppee.gob.ve\/index.php?rest_route=%2Fwp%2Fv2%2Fmedia&parent=100475"}],"wp:term":[{"taxonomy":"category","embeddable":true,"href":"https:\/\/mppee.gob.ve\/index.php?rest_route=%2Fwp%2Fv2%2Fcategories&post=100475"},{"taxonomy":"post_tag","embeddable":true,"href":"https:\/\/mppee.gob.ve\/index.php?rest_route=%2Fwp%2Fv2%2Ftags&post=100475"}],"curies":[{"name":"wp","href":"https:\/\/api.w.org\/{rel}","templated":true}]}}