{"id":100525,"date":"2025-09-15T17:45:48","date_gmt":"2025-09-15T17:45:48","guid":{"rendered":"http:\/\/mppee.gob.ve\/?p=100525"},"modified":"2025-09-15T17:48:00","modified_gmt":"2025-09-15T17:48:00","slug":"mas-de-50-ninos-y-ninas-regresan-a-las-aulas-del-cein-don-luis-zambrano","status":"publish","type":"post","link":"https:\/\/mppee.gob.ve\/?p=100525","title":{"rendered":"M\u00e1s de 50 ni\u00f1os y ni\u00f1as regresan a las aulas del CEIN \u00abDon Luis Zambrano\u00bb"},"content":{"rendered":"\n<p><strong>El Marqu\u00e9s, estado Miranda.- <\/strong>El Centro de Educaci\u00f3n Inicial (CEIN) \u201cDon Luis Zambrano\u201d, ubicado en la sede de la Corporaci\u00f3n El\u00e9ctrica Nacional (CORPOELEC) en El Marqu\u00e9s, dio la bienvenida al a\u00f1o escolar 2025-2026 con una matr\u00edcula de 58 ni\u00f1os y ni\u00f1as, quienes inician esta nueva etapa con grandes expectativas y sue\u00f1os por cumplir.<\/p>\n\n\n\n<p>La jornada estuvo marcada por un ambiente de entusiasmo y alegr\u00eda, donde se auguran momentos inolvidables de ense\u00f1anza y diversi\u00f3n.<\/p>\n\n\n\n<p>Diosibel Casta\u00f1eda, directora del CEIN \u201cDon Luis Zambrano\u201d, destac\u00f3 la importancia de este nuevo ciclo acad\u00e9mico: \u201cVa a ser un a\u00f1o de grandes bendiciones para esta unidad educativa y para todos nuestros estudiantes. Contamos con un equipo docente capacitado y nuestras instalaciones est\u00e1n listas para que los ni\u00f1os comiencen a disfrutar, crear, aprender y descubrir\u201d.<\/p>\n\n\n\n<p>La directora enfatiz\u00f3 que hay proyectos notables para este a\u00f1o escolar, entre los que destacan la incorporaci\u00f3n de un espacio dedicado a las artes y manualidades: \u201cCreemos que nuestros ni\u00f1os tienen mucho para dar y, a trav\u00e9s de estas actividades, queremos sacar lo mejor de cada uno\u201d.<\/p>\n\n\n\n<p>Por su parte, la profesora \u00c1ngela Mart\u00ednez, responsable del primer grupo B, manifest\u00f3 su satisfacci\u00f3n por el inicio del a\u00f1o escolar: \u201cEstoy contenta de comenzar este nuevo ciclo, mis expectativas son entregar mucho amor. La recepci\u00f3n de los ni\u00f1os fue maravillosa, llegaron emocionados y los padres tambi\u00e9n mostraron una excelente disposici\u00f3n\u201d.<\/p>\n\n\n\n<p>Mart\u00ednez tambi\u00e9n celebr\u00f3 la renovaci\u00f3n de los espacios del CEIN \u201cDon Luis Zambrano\u201d, iniciativa respaldada por el presidente de la Rep\u00fablica, Nicol\u00e1s Maduro, que permitir\u00e1 brindar mayor confort en las actividades pedag\u00f3gicas de los m\u00e1s peque\u00f1os.<\/p>\n\n\n\n<p>\u201cEl preescolar est\u00e1 bell\u00edsimo, el trabajo realizado en las instalaciones fue espectacular y espero que este a\u00f1o est\u00e9 lleno de bendiciones\u201d, destac\u00f3.<\/p>\n\n\n\n<p>El Centro de Educaci\u00f3n Inicial \u201cDon Luis Zambrano\u201d reafirma su compromiso de brindar una educaci\u00f3n integral, donde cada d\u00eda los ni\u00f1os y ni\u00f1as tienen la oportunidad de aprender, experimentar, interactuar y hacer nuevos amigos en un ambiente seguro y estimulante.<\/p>\n\n\n\n<p>Este lunes 15 de septiembre, m\u00e1s de 6 millones de estudiantes de Centros de Educaci\u00f3n Inicial, escuelas b\u00e1sicas y liceos, retornan a las aulas en el territorio nacional. De estos, m\u00e1s de 110 mil ni\u00f1os y j\u00f3venes se incorporan al sistema educativo con acceso gratuito, gracias al Plan 100% Escolaridad, impulsado por el Gobierno Nacional para garantizar inclusi\u00f3n y equidad en el derecho a la educaci\u00f3n.<\/p>\n\n\n\n<p><strong>Prensa MPPEE \u2013 CORPOELEC \/ Kris Carrasco<\/strong><\/p>\n","protected":false},"excerpt":{"rendered":"<p>El Marqu\u00e9s, estado Miranda.- El Centro de Educaci\u00f3n Inicial (CEIN) \u201cDon Luis Zambrano\u201d, ubicado en la sede de la Corporaci\u00f3n<\/p>\n","protected":false},"author":24,"featured_media":100528,"comment_status":"closed","ping_status":"closed","sticky":false,"template":"","format":"standard","meta":{"footnotes":""},"categories":[1],"tags":[3316,2691,3315],"class_list":["post-100525","post","type-post","status-publish","format-standard","has-post-thumbnail","hentry","category-mppee","tag-ano-escolar","tag-corpoelec","tag-don-luis-zambrano"],"_links":{"self":[{"href":"https:\/\/mppee.gob.ve\/index.php?rest_route=\/wp\/v2\/posts\/100525","targetHints":{"allow":["GET"]}}],"collection":[{"href":"https:\/\/mppee.gob.ve\/index.php?rest_route=\/wp\/v2\/posts"}],"about":[{"href":"https:\/\/mppee.gob.ve\/index.php?rest_route=\/wp\/v2\/types\/post"}],"author":[{"embeddable":true,"href":"https:\/\/mppee.gob.ve\/index.php?rest_route=\/wp\/v2\/users\/24"}],"replies":[{"embeddable":true,"href":"https:\/\/mppee.gob.ve\/index.php?rest_route=%2Fwp%2Fv2%2Fcomments&post=100525"}],"version-history":[{"count":1,"href":"https:\/\/mppee.gob.ve\/index.php?rest_route=\/wp\/v2\/posts\/100525\/revisions"}],"predecessor-version":[{"id":100527,"href":"https:\/\/mppee.gob.ve\/index.php?rest_route=\/wp\/v2\/posts\/100525\/revisions\/100527"}],"wp:featuredmedia":[{"embeddable":true,"href":"https:\/\/mppee.gob.ve\/index.php?rest_route=\/wp\/v2\/media\/100528"}],"wp:attachment":[{"href":"https:\/\/mppee.gob.ve\/index.php?rest_route=%2Fwp%2Fv2%2Fmedia&parent=100525"}],"wp:term":[{"taxonomy":"category","embeddable":true,"href":"https:\/\/mppee.gob.ve\/index.php?rest_route=%2Fwp%2Fv2%2Fcategories&post=100525"},{"taxonomy":"post_tag","embeddable":true,"href":"https:\/\/mppee.gob.ve\/index.php?rest_route=%2Fwp%2Fv2%2Ftags&post=100525"}],"curies":[{"name":"wp","href":"https:\/\/api.w.org\/{rel}","templated":true}]}}