{"id":100580,"date":"2025-09-17T21:38:02","date_gmt":"2025-09-17T21:38:02","guid":{"rendered":"http:\/\/mppee.gob.ve\/?p=100580"},"modified":"2025-09-17T23:14:29","modified_gmt":"2025-09-17T23:14:29","slug":"fitelven-alza-la-bandera-en-defensa-del-derecho-soberano-al-desarrollo-tecnologico","status":"publish","type":"post","link":"https:\/\/mppee.gob.ve\/?p=100580","title":{"rendered":"Fitelven alza la bandera en defensa del derecho soberano al desarrollo tecnol\u00f3gico"},"content":{"rendered":"\n<p><strong>Poliedro de Caracas, La Rinconada.- <\/strong>La innovaci\u00f3n soberana en tecnolog\u00eda y comunicaciones es la carta de presentaci\u00f3n de la Feria Internacional de Telecomunicaciones de Venezuela (Fitelven), cuya inauguraci\u00f3n se realiza este 17 de septiembre con el compromiso de apalancar la diversificaci\u00f3n de la econom\u00eda nacional.<\/p>\n\n\n\n<p>Desde el Poliedro de Caracas, en La Rinconada, el presidente del Motor de Telecomunicaciones y Nuevas Tecnolog\u00edas, Jorge M\u00e1rquez, enfatiz\u00f3 el car\u00e1cter estrat\u00e9gico de esta iniciativa que apunta a la captaci\u00f3n de nuevas inversiones, fortalecimiento de la industria nacional y promoci\u00f3n de alianzas que consoliden las cadenas productivas.<\/p>\n\n\n\n<p>\u00abEsta Feria trasciende fronteras. Estamos representados por 138 empresas nacionales y seis empresas internacionales que van a compartir estos espacios para presentarle a nuestro pa\u00eds lo grande que somos, lo noble que somos, la fortaleza que tenemos y las ganas de seguir adelante que tenemos\u00bb, puntualiz\u00f3.<\/p>\n\n\n\n<p>Al repasar las capacidades tecnol\u00f3gicas dispuestas en 5.400 metros cuadrados de exposici\u00f3n, el tambi\u00e9n director general de la Comisi\u00f3n Nacional de Telecomunicaciones (Conatel) destac\u00f3 que la Fitelven constituye una demostraci\u00f3n clara de la voluntad del pueblo venezolano de avanzar hacia un modelo propio de desarrollo, sustentado en la soberan\u00eda tecnol\u00f3gica y la articulaci\u00f3n productiva.<\/p>\n\n\n\n<p>\u00abSomos un pa\u00eds de paz, queremos paz y queremos desarrollarnos, ser una potencia con nuestros propios medios, con nuestro propio intelecto, con nuestras propias manos. \u00a1D\u00e9jennos en paz, queremos desarrollarnos!\u00bb, afirm\u00f3 en alusi\u00f3n a la agresi\u00f3n sistem\u00e1tica que, desde el gobierno de Estados Unidos, se mantiene contra Venezuela como parte de una agenda desestabilizadora orientada a provocar un cambio de gobierno.<\/p>\n\n\n\n<p>Desde el 17 hasta el 21 de septiembre, el Poliedro de Caracas ser\u00e1 el epicentro del desarrollo tecnol\u00f3gico, ofreciendo experiencias sensoriales, foros de alto nivel, conferencias, formaci\u00f3n especializada y ruedas de negocios para promover el crecimiento nacional.<\/p>\n\n\n\n<p><strong>Prensa MPPEE &#8211; CORPOELEC<\/strong><\/p>\n","protected":false},"excerpt":{"rendered":"<p>Poliedro de Caracas, La Rinconada.- La innovaci\u00f3n soberana en tecnolog\u00eda y comunicaciones es la carta de presentaci\u00f3n de la Feria<\/p>\n","protected":false},"author":24,"featured_media":100587,"comment_status":"closed","ping_status":"closed","sticky":false,"template":"","format":"standard","meta":{"footnotes":""},"categories":[15],"tags":[2737,3324,2978,2736],"class_list":["post-100580","post","type-post","status-publish","format-standard","has-post-thumbnail","hentry","category-nacionales","tag-fitelven","tag-innovacion","tag-nuevas-tecnologias","tag-telecomunicaciones"],"_links":{"self":[{"href":"https:\/\/mppee.gob.ve\/index.php?rest_route=\/wp\/v2\/posts\/100580","targetHints":{"allow":["GET"]}}],"collection":[{"href":"https:\/\/mppee.gob.ve\/index.php?rest_route=\/wp\/v2\/posts"}],"about":[{"href":"https:\/\/mppee.gob.ve\/index.php?rest_route=\/wp\/v2\/types\/post"}],"author":[{"embeddable":true,"href":"https:\/\/mppee.gob.ve\/index.php?rest_route=\/wp\/v2\/users\/24"}],"replies":[{"embeddable":true,"href":"https:\/\/mppee.gob.ve\/index.php?rest_route=%2Fwp%2Fv2%2Fcomments&post=100580"}],"version-history":[{"count":4,"href":"https:\/\/mppee.gob.ve\/index.php?rest_route=\/wp\/v2\/posts\/100580\/revisions"}],"predecessor-version":[{"id":100593,"href":"https:\/\/mppee.gob.ve\/index.php?rest_route=\/wp\/v2\/posts\/100580\/revisions\/100593"}],"wp:featuredmedia":[{"embeddable":true,"href":"https:\/\/mppee.gob.ve\/index.php?rest_route=\/wp\/v2\/media\/100587"}],"wp:attachment":[{"href":"https:\/\/mppee.gob.ve\/index.php?rest_route=%2Fwp%2Fv2%2Fmedia&parent=100580"}],"wp:term":[{"taxonomy":"category","embeddable":true,"href":"https:\/\/mppee.gob.ve\/index.php?rest_route=%2Fwp%2Fv2%2Fcategories&post=100580"},{"taxonomy":"post_tag","embeddable":true,"href":"https:\/\/mppee.gob.ve\/index.php?rest_route=%2Fwp%2Fv2%2Ftags&post=100580"}],"curies":[{"name":"wp","href":"https:\/\/api.w.org\/{rel}","templated":true}]}}