{"id":100611,"date":"2025-09-18T15:16:10","date_gmt":"2025-09-18T15:16:10","guid":{"rendered":"http:\/\/mppee.gob.ve\/?p=100611"},"modified":"2025-09-18T15:20:53","modified_gmt":"2025-09-18T15:20:53","slug":"antes-del-amanecer-despliegan-inspeccion-en-la-vueltosa-para-fortalecer-suministro-en-los-andes","status":"publish","type":"post","link":"https:\/\/mppee.gob.ve\/?p=100611","title":{"rendered":"Antes del amanecer, despliegan inspecci\u00f3n en La Vueltosa para fortalecer suministro en Los Andes"},"content":{"rendered":"\n<p><strong>Estado T\u00e1chira.\u2013<\/strong> Antes del amanecer, el ministro del Poder Popular para la Energ\u00eda El\u00e9ctrica, Jorge M\u00e1rquez, recorri\u00f3 las instalaciones de La Vueltosa, parte del Complejo Hidroel\u00e9ctrico Uribante Caparo, con el objetivo de supervisar las maniobras orientadas a fortalecer la generaci\u00f3n el\u00e9ctrica.<\/p>\n\n\n\n<p>Guiado por trabajadores y trabajadoras de la Corporaci\u00f3n El\u00e9ctrica Nacional (CORPOELEC) que, durante la noche, resguardan la integridad y operatividad de la infraestructura, verific\u00f3 los avances en las labores de mantenimiento preventivo, entre ellas la <a href=\"http:\/\/mppee.gob.ve\/?p=100470\" data-type=\"link\" data-id=\"http:\/\/mppee.gob.ve\/?p=100470\">extracci\u00f3n y remoci\u00f3n de material vegetal <\/a>en la presa La Vueltosa.<\/p>\n\n\n\n<p>Adem\u00e1s, repas\u00f3 las acciones prioritarias a ejecutar con el fin de reforzar el servicio en los estados T\u00e1chira, M\u00e9rida y Trujillo, as\u00ed como en las zonas altas de Apure y Barinas. Esta inspecci\u00f3n tambi\u00e9n consolid\u00f3 los canales de comunicaci\u00f3n directa y la coordinaci\u00f3n de esfuerzos para garantizar un suministro el\u00e9ctrico m\u00e1s confiable.<\/p>\n\n\n\n<p>En compa\u00f1\u00eda del presidente de CORPOELEC, Jos\u00e9 Luis Betancourt, y del asesor mayor, Freddy Brito Maestre, la visita respondi\u00f3 a las instrucciones del presidente de la Rep\u00fablica, Nicol\u00e1s Maduro, de mejorar progresivamente las condiciones del Sistema El\u00e9ctrico Nacional, considerado un eje estrat\u00e9gico para el desarrollo socioecon\u00f3mico del pa\u00eds.<\/p>\n\n\n\n<p><strong>Prensa MPPEE &#8211; CORPOELEC<\/strong><\/p>\n","protected":false},"excerpt":{"rendered":"<p>Estado T\u00e1chira.\u2013 Antes del amanecer, el ministro del Poder Popular para la Energ\u00eda El\u00e9ctrica, Jorge M\u00e1rquez, recorri\u00f3 las instalaciones de<\/p>\n","protected":false},"author":24,"featured_media":100612,"comment_status":"closed","ping_status":"closed","sticky":false,"template":"","format":"standard","meta":{"footnotes":""},"categories":[15],"tags":[2691,2763,3329,3161,3330],"class_list":["post-100611","post","type-post","status-publish","format-standard","has-post-thumbnail","hentry","category-nacionales","tag-corpoelec","tag-jorge-marquez","tag-la-vueltosa","tag-los-andes","tag-uribante-caparo"],"_links":{"self":[{"href":"https:\/\/mppee.gob.ve\/index.php?rest_route=\/wp\/v2\/posts\/100611","targetHints":{"allow":["GET"]}}],"collection":[{"href":"https:\/\/mppee.gob.ve\/index.php?rest_route=\/wp\/v2\/posts"}],"about":[{"href":"https:\/\/mppee.gob.ve\/index.php?rest_route=\/wp\/v2\/types\/post"}],"author":[{"embeddable":true,"href":"https:\/\/mppee.gob.ve\/index.php?rest_route=\/wp\/v2\/users\/24"}],"replies":[{"embeddable":true,"href":"https:\/\/mppee.gob.ve\/index.php?rest_route=%2Fwp%2Fv2%2Fcomments&post=100611"}],"version-history":[{"count":2,"href":"https:\/\/mppee.gob.ve\/index.php?rest_route=\/wp\/v2\/posts\/100611\/revisions"}],"predecessor-version":[{"id":100614,"href":"https:\/\/mppee.gob.ve\/index.php?rest_route=\/wp\/v2\/posts\/100611\/revisions\/100614"}],"wp:featuredmedia":[{"embeddable":true,"href":"https:\/\/mppee.gob.ve\/index.php?rest_route=\/wp\/v2\/media\/100612"}],"wp:attachment":[{"href":"https:\/\/mppee.gob.ve\/index.php?rest_route=%2Fwp%2Fv2%2Fmedia&parent=100611"}],"wp:term":[{"taxonomy":"category","embeddable":true,"href":"https:\/\/mppee.gob.ve\/index.php?rest_route=%2Fwp%2Fv2%2Fcategories&post=100611"},{"taxonomy":"post_tag","embeddable":true,"href":"https:\/\/mppee.gob.ve\/index.php?rest_route=%2Fwp%2Fv2%2Ftags&post=100611"}],"curies":[{"name":"wp","href":"https:\/\/api.w.org\/{rel}","templated":true}]}}