{"id":100655,"date":"2025-09-19T18:46:50","date_gmt":"2025-09-19T18:46:50","guid":{"rendered":"http:\/\/mppee.gob.ve\/?p=100655"},"modified":"2025-09-19T18:50:44","modified_gmt":"2025-09-19T18:50:44","slug":"gobierno-nacional-llama-a-fortalecer-la-union-publico-privada-en-el-sector-telecomunicaciones","status":"publish","type":"post","link":"https:\/\/mppee.gob.ve\/?p=100655","title":{"rendered":"Gobierno Nacional llama a fortalecer la uni\u00f3n p\u00fablico-privada en el sector telecomunicaciones"},"content":{"rendered":"\n<p><strong>Poliedro de Caracas, La Rinconada.- <\/strong>El presidente del Motor Telecomunicaciones y Nuevas Tecnolog\u00edas, Jorge M\u00e1rquez, llam\u00f3 este viernes a fortalecer la unidad y la confianza entre el sector p\u00fablico y privado del pa\u00eds, con el objetivo de avanzar hacia resultados a\u00fan m\u00e1s favorables en materia de transformaci\u00f3n digital.<\/p>\n\n\n\n<p>\u201cHago un llamado a la confianza, al sector p\u00fablico y privado, a seguir trabajando como hemos trabajado estos a\u00f1os en armon\u00eda, en uni\u00f3n, en perfecta comunicaci\u00f3n, que es lo que ha arrojado los resultados que hoy tenemos para mostrar\u201d, expres\u00f3 desde la III Feria Internacional de Telecomunicaciones de Venezuela (Fitelven).<\/p>\n\n\n\n<p>M\u00e1rquez destac\u00f3 el \u00e9xito nacional e internacional de la Fitelven frente a la mirada del pueblo y del mundo; y exhort\u00f3 a actuar con determinaci\u00f3n en un escenario que define como decisivo frente a amenazas extranjeras.<\/p>\n\n\n\n<p>\u201cVamos a salir fortalecidos, como hermanos, juntos, creciendo y pensando en el crecimiento tecnol\u00f3gico del pa\u00eds\u201d, afirm\u00f3.<\/p>\n\n\n\n<p>En el segundo trimestre del a\u00f1o 2025, el sector telecomunicaciones registr\u00f3 un crecimiento de 8.64%, consolid\u00e1ndose como uno de los motores estrat\u00e9gicos de la econom\u00eda nacional.<\/p>\n\n\n\n<p><strong>Prensa MPPEE-CORPOELEC \/ Rosiris Ortega<\/strong><\/p>\n","protected":false},"excerpt":{"rendered":"<p>Poliedro de Caracas, La Rinconada.- El presidente del Motor Telecomunicaciones y Nuevas Tecnolog\u00edas, Jorge M\u00e1rquez, llam\u00f3 este viernes a fortalecer<\/p>\n","protected":false},"author":24,"featured_media":100659,"comment_status":"closed","ping_status":"closed","sticky":false,"template":"","format":"standard","meta":{"footnotes":""},"categories":[15],"tags":[2763,2736],"class_list":["post-100655","post","type-post","status-publish","format-standard","has-post-thumbnail","hentry","category-nacionales","tag-jorge-marquez","tag-telecomunicaciones"],"_links":{"self":[{"href":"https:\/\/mppee.gob.ve\/index.php?rest_route=\/wp\/v2\/posts\/100655","targetHints":{"allow":["GET"]}}],"collection":[{"href":"https:\/\/mppee.gob.ve\/index.php?rest_route=\/wp\/v2\/posts"}],"about":[{"href":"https:\/\/mppee.gob.ve\/index.php?rest_route=\/wp\/v2\/types\/post"}],"author":[{"embeddable":true,"href":"https:\/\/mppee.gob.ve\/index.php?rest_route=\/wp\/v2\/users\/24"}],"replies":[{"embeddable":true,"href":"https:\/\/mppee.gob.ve\/index.php?rest_route=%2Fwp%2Fv2%2Fcomments&post=100655"}],"version-history":[{"count":1,"href":"https:\/\/mppee.gob.ve\/index.php?rest_route=\/wp\/v2\/posts\/100655\/revisions"}],"predecessor-version":[{"id":100658,"href":"https:\/\/mppee.gob.ve\/index.php?rest_route=\/wp\/v2\/posts\/100655\/revisions\/100658"}],"wp:featuredmedia":[{"embeddable":true,"href":"https:\/\/mppee.gob.ve\/index.php?rest_route=\/wp\/v2\/media\/100659"}],"wp:attachment":[{"href":"https:\/\/mppee.gob.ve\/index.php?rest_route=%2Fwp%2Fv2%2Fmedia&parent=100655"}],"wp:term":[{"taxonomy":"category","embeddable":true,"href":"https:\/\/mppee.gob.ve\/index.php?rest_route=%2Fwp%2Fv2%2Fcategories&post=100655"},{"taxonomy":"post_tag","embeddable":true,"href":"https:\/\/mppee.gob.ve\/index.php?rest_route=%2Fwp%2Fv2%2Ftags&post=100655"}],"curies":[{"name":"wp","href":"https:\/\/api.w.org\/{rel}","templated":true}]}}