{"id":100765,"date":"2025-09-23T04:01:54","date_gmt":"2025-09-23T04:01:54","guid":{"rendered":"http:\/\/mppee.gob.ve\/?p=100765"},"modified":"2025-09-23T04:01:55","modified_gmt":"2025-09-23T04:01:55","slug":"mas-de-61-mil-personas-asistieron-a-la-fitelven-2025","status":"publish","type":"post","link":"https:\/\/mppee.gob.ve\/?p=100765","title":{"rendered":"M\u00e1s de 61 mil personas asistieron a la Fitelven 2025"},"content":{"rendered":"\n<p><strong>Maiquet\u00eda, estado La Guaira.-<\/strong> El presidente del Motor Telecomunicaciones y Nuevas Tecnolog\u00edas, Jorge M\u00e1rquez, inform\u00f3 este lunes que m\u00e1s de 61.000 personas visitaron la III Feria Internacional de Telecomunicaciones de Venezuela (Fitelven), que se realiz\u00f3 durante cinco d\u00edas en el Poliedro de Caracas.<\/p>\n\n\n\n<p>Durante la transmisi\u00f3n del programa N\u00ba 91 de Con Maduro +, M\u00e1rquez explic\u00f3 al presidente de la Rep\u00fablica, Nicol\u00e1s Maduro, que desde el mi\u00e9rcoles 17 hasta el domingo 21 de septiembre, la asistencia fue masiva y su \u00e9xito refleja las acertadas pol\u00edticas que el Gobierno Bolivariano ha desarrollado en los \u00faltimos a\u00f1os.<\/p>\n\n\n\n<p>\u00abLa Fitelven en cinco d\u00edas fue visitada por m\u00e1s de 61 mil personas, estuvieron presentes 128 empresas nacionales, seis empresas internacionales de Ir\u00e1n, Brasil, Colombia, expositores de muchas partes del mundo\u00bb, afirm\u00f3.<\/p>\n\n\n\n<p>Igualmente, indic\u00f3 que en el a\u00f1o 2017 el pa\u00eds ten\u00eda 100 empresas de telecomunicaciones y hoy,  como producto del trabajo hecho por la Comisi\u00f3n Nacional de Telecomunicaciones (Conatel) habilitando empresas y dando oportunidades a emprendimientos a todos los venezolanos, \u00abtenemos 300 empresas en telecomunicaciones\u00bb, lo que representa que un crecimiento de 283%.<\/p>\n\n\n\n<p>Tambi\u00e9n comparti\u00f3 el crecimiento de Venezuela en materia de capacidades con respecto al a\u00f1o 2017, cuando se ten\u00edan 0.5 terabytes.<\/p>\n\n\n\n<p>\u00abHoy el pa\u00eds est\u00e1 consumiendo capacidades internacionales de 13 terabytes, lo que representa un incremento del 128% aproximadamente en capacidades\u00bb, precis\u00f3.<\/p>\n\n\n\n<p>Asimismo, detall\u00f3 los avances de Venezuela al acceso digital con el incremento de 14 millones de usuarios de internet a 17 millones, reflejando un crecimiento del 19.5%; y en el internet m\u00f3vil de 13 millones, el pa\u00eds pas\u00f3 a 20 millones de usuarios para un incremento del 51%.<\/p>\n\n\n\n<p><strong>Fabricaci\u00f3n de fibra \u00f3ptica en Venezuela<\/strong><\/p>\n\n\n\n<p>A la par de las buenas noticias, el presidente de la Rep\u00fablica, Nicol\u00e1s Maduro, subray\u00f3 que \u00abestamos instalando la f\u00e1brica de fibra \u00f3ptica en Venezuela, se va a fabricar aqu\u00ed la fibra \u00f3ptica para seguir mejorando las telecomunicaciones nacionales\u00bb. <\/p>\n\n\n\n<p>Precisamente, sobre el despliegue de fibra \u00f3ptica, las metas establecidas en el Plan Nacional de Telecomunicaciones 2022-2024 fueron superadas significativamente.<\/p>\n\n\n\n<p>\u00abTen\u00edamos una proyecci\u00f3n de establecer un despliegue de fibra \u00f3ptica de 65 mil kil\u00f3metros. Le tengo una noticia, no fueron 65 mil kil\u00f3metros, fueron 223 mil kil\u00f3metros que se desarroll\u00f3 y se despleg\u00f3 en el pa\u00eds\u00bb, puntualiz\u00f3, al tiempo que destac\u00f3 que esta cifra se traduce en un incremento de 343%.<\/p>\n\n\n\n<p><strong>Prensa MPPEE-CORPOELEC \/ Rosiris Ortega<\/strong><\/p>\n","protected":false},"excerpt":{"rendered":"<p>Maiquet\u00eda, estado La Guaira.- El presidente del Motor Telecomunicaciones y Nuevas Tecnolog\u00edas, Jorge M\u00e1rquez, inform\u00f3 este lunes que m\u00e1s de<\/p>\n","protected":false},"author":24,"featured_media":100766,"comment_status":"closed","ping_status":"closed","sticky":false,"template":"","format":"standard","meta":{"footnotes":""},"categories":[15],"tags":[2767,2737,3333,2763,2714],"class_list":["post-100765","post","type-post","status-publish","format-standard","has-post-thumbnail","hentry","category-nacionales","tag-fibra-optica","tag-fitelven","tag-internet","tag-jorge-marquez","tag-nicolas-maduro"],"_links":{"self":[{"href":"https:\/\/mppee.gob.ve\/index.php?rest_route=\/wp\/v2\/posts\/100765","targetHints":{"allow":["GET"]}}],"collection":[{"href":"https:\/\/mppee.gob.ve\/index.php?rest_route=\/wp\/v2\/posts"}],"about":[{"href":"https:\/\/mppee.gob.ve\/index.php?rest_route=\/wp\/v2\/types\/post"}],"author":[{"embeddable":true,"href":"https:\/\/mppee.gob.ve\/index.php?rest_route=\/wp\/v2\/users\/24"}],"replies":[{"embeddable":true,"href":"https:\/\/mppee.gob.ve\/index.php?rest_route=%2Fwp%2Fv2%2Fcomments&post=100765"}],"version-history":[{"count":1,"href":"https:\/\/mppee.gob.ve\/index.php?rest_route=\/wp\/v2\/posts\/100765\/revisions"}],"predecessor-version":[{"id":100767,"href":"https:\/\/mppee.gob.ve\/index.php?rest_route=\/wp\/v2\/posts\/100765\/revisions\/100767"}],"wp:featuredmedia":[{"embeddable":true,"href":"https:\/\/mppee.gob.ve\/index.php?rest_route=\/wp\/v2\/media\/100766"}],"wp:attachment":[{"href":"https:\/\/mppee.gob.ve\/index.php?rest_route=%2Fwp%2Fv2%2Fmedia&parent=100765"}],"wp:term":[{"taxonomy":"category","embeddable":true,"href":"https:\/\/mppee.gob.ve\/index.php?rest_route=%2Fwp%2Fv2%2Fcategories&post=100765"},{"taxonomy":"post_tag","embeddable":true,"href":"https:\/\/mppee.gob.ve\/index.php?rest_route=%2Fwp%2Fv2%2Ftags&post=100765"}],"curies":[{"name":"wp","href":"https:\/\/api.w.org\/{rel}","templated":true}]}}