{"id":100771,"date":"2025-09-23T04:18:08","date_gmt":"2025-09-23T04:18:08","guid":{"rendered":"http:\/\/mppee.gob.ve\/?p=100771"},"modified":"2025-09-23T04:18:10","modified_gmt":"2025-09-23T04:18:10","slug":"fitelven-cierra-acuerdos-por-mas-de-18-millones-de-dolares","status":"publish","type":"post","link":"https:\/\/mppee.gob.ve\/?p=100771","title":{"rendered":"Fitelven cierra acuerdos por m\u00e1s de 18 millones de d\u00f3lares"},"content":{"rendered":"\n<p><strong>Maiquet\u00eda, estado La Guaira.-<\/strong> El presidente de la Rep\u00fablica, Nicol\u00e1s Maduro, destac\u00f3 el \u00e9xito de la III Feria Internacional de Telecomunicaciones (Fitelven) y sus aportes para el desarrollo econ\u00f3mico de Venezuela, generando acuerdos y negociaciones estimadas en m\u00e1s de 18 millones de d\u00f3lares a cinco a\u00f1os.<\/p>\n\n\n\n<p>Desde el Hotel Gran Cacique Maiquet\u00eda, en el estado La Guaira, el Jefe de Estado, describi\u00f3 una nueva realidad nacional de las telecomunicaciones al afirmar que, a la par del crecimiento del Producto Interno Bruto (PIB), este sector \u00abva creciendo\u00bb y se est\u00e1 \u00abcumpliendo el hito de la modernizaci\u00f3n absoluta de la tecnolog\u00eda que tiene Venezuela y vamos ahora en la vanguardia\u00bb.<\/p>\n\n\n\n<p>En ese sentido, el presidente del Motor de Telecomunicaciones y Nuevas Tecnolog\u00edas, Jorge M\u00e1rquez, inform\u00f3 que producto de acuerdos entre empresas se ha logrado \u00abaproximadamente m\u00e1s de 18 millones de d\u00f3lares en cinco a\u00f1os\u00bb.<\/p>\n\n\n\n<p>\u00ab(&#8230;) Es un \u00e9xito total para el sector, que se ha consolidado, se ha enrumbado y ha conseguido el desarrollo que necesita el pa\u00eds\u00bb, enfatiz\u00f3.<\/p>\n\n\n\n<p>Agreg\u00f3 que \u201cesos n\u00fameros que refleja esta Fitelven, son producto de las pol\u00edticas que se han venido llevando en los \u00faltimos a\u00f1os en el pa\u00eds\u201d.<\/p>\n\n\n\n<p>Por esta raz\u00f3n, el presidente Nicol\u00e1s Maduro felicit\u00f3 al tambi\u00e9n vicepresidente sectorial de Obras P\u00fablicas y Servicios por los resultados alcanzados en esta nueva edici\u00f3n.<\/p>\n\n\n\n<p>\u201cFelicito al ministro Jorge M\u00e1rquez, vicepresidente sectorial de Obras P\u00fablicas y Servicios, y encargado de toda esta materia de las telecomunicaciones. De verdad que son muy buenas noticias en telecomunicaciones y el pa\u00eds necesita consolidar la paz para seguir su desarrollo econ\u00f3mico en sus trece motores, en su diversificaci\u00f3n de la econom\u00eda, cumpliendo hitos\u201d, dijo.<\/p>\n\n\n\n<p>El mandatario nacional resalt\u00f3 la presencia de empresarios j\u00f3venes y emprendedores que hoy usan y promueven la m\u00e1s alta tecnolog\u00eda mundial, desde Venezuela.<\/p>\n\n\n\n<p>\u201cMucha empresa nacional e internacional disfrutando de la tecnolog\u00eda de los mejores servicios de internet, de telefon\u00eda y tambi\u00e9n alta tecnolog\u00eda y la rob\u00f3tica, hay mucho robot ya manejado para distintos usos de las telecomunicaciones por parte de empresas nacionales; y los empresarios j\u00f3venes que me alegr\u00f3 mucho, mucha gente joven due\u00f1os de emprendimientos de empresas con la m\u00e1s alta tecnolog\u00eda mundial\u201d, recalc\u00f3.<\/p>\n\n\n\n<p>Desde el mi\u00e9rcoles 17 de septiembre hasta el domingo 21, los venezolanos disfrutaron de la Fitelven 2025, conociendo de la mano de empresarios y emprendedores los \u00faltimos avances del pa\u00eds, en materia de telecomunicaciones y nuevas tecnolog\u00edas.<\/p>\n\n\n\n<p><strong>Prensa MPPEE-CORPOELEC \/ Rosiris Ortega<\/strong><\/p>\n","protected":false},"excerpt":{"rendered":"<p>Maiquet\u00eda, estado La Guaira.- El presidente de la Rep\u00fablica, Nicol\u00e1s Maduro, destac\u00f3 el \u00e9xito de la III Feria Internacional de<\/p>\n","protected":false},"author":24,"featured_media":100762,"comment_status":"closed","ping_status":"closed","sticky":false,"template":"","format":"standard","meta":{"footnotes":""},"categories":[15],"tags":[2737,3342,2763,2714,2736],"class_list":["post-100771","post","type-post","status-publish","format-standard","has-post-thumbnail","hentry","category-nacionales","tag-fitelven","tag-inversion","tag-jorge-marquez","tag-nicolas-maduro","tag-telecomunicaciones"],"_links":{"self":[{"href":"https:\/\/mppee.gob.ve\/index.php?rest_route=\/wp\/v2\/posts\/100771","targetHints":{"allow":["GET"]}}],"collection":[{"href":"https:\/\/mppee.gob.ve\/index.php?rest_route=\/wp\/v2\/posts"}],"about":[{"href":"https:\/\/mppee.gob.ve\/index.php?rest_route=\/wp\/v2\/types\/post"}],"author":[{"embeddable":true,"href":"https:\/\/mppee.gob.ve\/index.php?rest_route=\/wp\/v2\/users\/24"}],"replies":[{"embeddable":true,"href":"https:\/\/mppee.gob.ve\/index.php?rest_route=%2Fwp%2Fv2%2Fcomments&post=100771"}],"version-history":[{"count":1,"href":"https:\/\/mppee.gob.ve\/index.php?rest_route=\/wp\/v2\/posts\/100771\/revisions"}],"predecessor-version":[{"id":100772,"href":"https:\/\/mppee.gob.ve\/index.php?rest_route=\/wp\/v2\/posts\/100771\/revisions\/100772"}],"wp:featuredmedia":[{"embeddable":true,"href":"https:\/\/mppee.gob.ve\/index.php?rest_route=\/wp\/v2\/media\/100762"}],"wp:attachment":[{"href":"https:\/\/mppee.gob.ve\/index.php?rest_route=%2Fwp%2Fv2%2Fmedia&parent=100771"}],"wp:term":[{"taxonomy":"category","embeddable":true,"href":"https:\/\/mppee.gob.ve\/index.php?rest_route=%2Fwp%2Fv2%2Fcategories&post=100771"},{"taxonomy":"post_tag","embeddable":true,"href":"https:\/\/mppee.gob.ve\/index.php?rest_route=%2Fwp%2Fv2%2Ftags&post=100771"}],"curies":[{"name":"wp","href":"https:\/\/api.w.org\/{rel}","templated":true}]}}