{"id":100918,"date":"2025-09-28T08:11:00","date_gmt":"2025-09-28T08:11:00","guid":{"rendered":"http:\/\/mppee.gob.ve\/?p=100918"},"modified":"2025-09-27T22:12:10","modified_gmt":"2025-09-27T22:12:10","slug":"labores-correctivas-fortalecen-operatividad-de-redes-electricas-de-paez-y-sucre","status":"publish","type":"post","link":"https:\/\/mppee.gob.ve\/?p=100918","title":{"rendered":"Labores correctivas fortalecen operatividad de redes el\u00e9ctricas de P\u00e1ez y Sucre"},"content":{"rendered":"\n<p><strong>Estado Portuguesa.\u2013 <\/strong>Las cuadrillas de la Corporaci\u00f3n El\u00e9ctrica Nacional (CORPOELEC) realizaron labores preventivas y correctivas para mejorar la distribuci\u00f3n de energ\u00eda en sectores asociados a los circuitos Centro, Las Cruces y La Guayana, ubicados en los municipios P\u00e1ez y Sucre del estado Portuguesa.<\/p>\n\n\n\n<p>Las maniobras ejecutadas contemplaron la sustituci\u00f3n de 100 metros de cable conductor y componentes en la red el\u00e9ctrica subterr\u00e1nea de la avenida Alianza, en la ciudad de Acarigua, con el objetivo de optimizar el fluido el\u00e9ctrico para los usuarios comerciales y residenciales de la zona.<\/p>\n\n\n\n<p>Por otro lado, en el municipio Sucre se efectu\u00f3 la reposici\u00f3n de l\u00edneas en media tensi\u00f3n, el cambio de piezas el\u00e9ctricas y el despeje de vegetaci\u00f3n, con el prop\u00f3sito de potenciar el servicio ofrecido a las familias de los caser\u00edos Ahoga Mula y La Aldea.<\/p>\n\n\n\n<p>El Ministerio del Poder Popular para la Energ\u00eda El\u00e9ctrica, a trav\u00e9s de CORPOELEC, suma esfuerzos para impulsar mejoras en la operatividad del Sistema El\u00e9ctrico Nacional (SEN) y garantizar el buen vivir de la poblaci\u00f3n.<\/p>\n\n\n\n<p><strong>Prensa MPPEE \u2013 CORPOELEC<\/strong><\/p>\n","protected":false},"excerpt":{"rendered":"<p>Estado Portuguesa.\u2013 Las cuadrillas de la Corporaci\u00f3n El\u00e9ctrica Nacional (CORPOELEC) realizaron labores preventivas y correctivas para mejorar la distribuci\u00f3n de<\/p>\n","protected":false},"author":24,"featured_media":100919,"comment_status":"closed","ping_status":"closed","sticky":false,"template":"","format":"standard","meta":{"footnotes":""},"categories":[30],"tags":[2898,3360,2691,3362,3361,2725,2693],"class_list":["post-100918","post","type-post","status-publish","format-standard","has-post-thumbnail","hentry","category-regionales","tag-acarigua","tag-centro","tag-corpoelec","tag-la-guayana","tag-las-cruces","tag-portuguesa","tag-sucre"],"_links":{"self":[{"href":"https:\/\/mppee.gob.ve\/index.php?rest_route=\/wp\/v2\/posts\/100918","targetHints":{"allow":["GET"]}}],"collection":[{"href":"https:\/\/mppee.gob.ve\/index.php?rest_route=\/wp\/v2\/posts"}],"about":[{"href":"https:\/\/mppee.gob.ve\/index.php?rest_route=\/wp\/v2\/types\/post"}],"author":[{"embeddable":true,"href":"https:\/\/mppee.gob.ve\/index.php?rest_route=\/wp\/v2\/users\/24"}],"replies":[{"embeddable":true,"href":"https:\/\/mppee.gob.ve\/index.php?rest_route=%2Fwp%2Fv2%2Fcomments&post=100918"}],"version-history":[{"count":3,"href":"https:\/\/mppee.gob.ve\/index.php?rest_route=\/wp\/v2\/posts\/100918\/revisions"}],"predecessor-version":[{"id":100931,"href":"https:\/\/mppee.gob.ve\/index.php?rest_route=\/wp\/v2\/posts\/100918\/revisions\/100931"}],"wp:featuredmedia":[{"embeddable":true,"href":"https:\/\/mppee.gob.ve\/index.php?rest_route=\/wp\/v2\/media\/100919"}],"wp:attachment":[{"href":"https:\/\/mppee.gob.ve\/index.php?rest_route=%2Fwp%2Fv2%2Fmedia&parent=100918"}],"wp:term":[{"taxonomy":"category","embeddable":true,"href":"https:\/\/mppee.gob.ve\/index.php?rest_route=%2Fwp%2Fv2%2Fcategories&post=100918"},{"taxonomy":"post_tag","embeddable":true,"href":"https:\/\/mppee.gob.ve\/index.php?rest_route=%2Fwp%2Fv2%2Ftags&post=100918"}],"curies":[{"name":"wp","href":"https:\/\/api.w.org\/{rel}","templated":true}]}}