{"id":100921,"date":"2025-09-27T18:34:39","date_gmt":"2025-09-27T18:34:39","guid":{"rendered":"http:\/\/mppee.gob.ve\/?p=100921"},"modified":"2025-09-27T18:34:40","modified_gmt":"2025-09-27T18:34:40","slug":"trabajadores-del-sen-se-capacitan-en-protocolos-a-seguir-en-casos-de-conmocion-interna","status":"publish","type":"post","link":"https:\/\/mppee.gob.ve\/?p=100921","title":{"rendered":"Trabajadores del SEN se capacitan en protocolos a seguir en casos de conmoci\u00f3n interna"},"content":{"rendered":"\n<p><strong>San Bernardino, Caracas.- <\/strong>Bajo la premisa de proteger a la poblaci\u00f3n y garantizar la continuidad de servicios esenciales, trabajadores y trabajadoras del Sistema El\u00e9ctrico Nacional (SEN) se incorporan al Simulacro Nacional de Protecci\u00f3n Civil y Preparaci\u00f3n del Pueblo, convocado por el presidente de la Rep\u00fablica, Nicol\u00e1s Maduro, ante escenarios de conmoci\u00f3n interna, bien sea por desastres naturales o conflictos armados.<\/p>\n\n\n\n<p>Al respecto, el ministro del Poder Popular para la Energ\u00eda El\u00e9ctrica, Jorge M\u00e1rquez, detall\u00f3 que este ejercicio de preparaci\u00f3n se realiza simult\u00e1neamente en sedes administrativas e instalaciones medulares de transmisi\u00f3n y distribuci\u00f3n de electricidad, con el objetivo de resguardar la infraestructura cr\u00edtica y evitar interrupciones deservicio.<\/p>\n\n\n\n<p>\u00abNosotros tenemos que estar preparados para esto y para todas las cosas que se nos presenten porque la responsabilidad que tiene la Corporaci\u00f3n El\u00e9ctrica Nacional y el Ministerio (del Poder Popular para la Energ\u00eda El\u00e9ctrica) es nada m\u00e1s y nada menos que brindarle el servicio el\u00e9ctrico a todo un pa\u00eds y eso requiere una preparaci\u00f3n\u00bb, puntualiz\u00f3 desde la sede de San Bernardino, en Caracas, donde se realiz\u00f3 una jornada te\u00f3rico-pr\u00e1ctica ante riesgos, amenazas y vulnerabilidades.<\/p>\n\n\n\n<p>M\u00e1rquez recalc\u00f3 que conocer a detalle los protocolos de prevenci\u00f3n, preparaci\u00f3n y respuesta inmediata es vital para preservar la seguridad, la defensa y la paz ciudadana, pilares que son objeto de amenazas criminales por parte del gobierno de Estados Unidos.<\/p>\n\n\n\n<p>\u00abNosotros, desde el Puesto de Comando de CORPOELEC, tenemos que saber c\u00f3mo tenemos que actuar, pero tambi\u00e9n nuestra gente que est\u00e1 en las plantas de generaci\u00f3n t\u00e9rmica, h\u00eddrica, en las l\u00edneas de distribuci\u00f3n, en nuestras subestaciones tienen que saber c\u00f3mo actuar y para eso ha sido esta pr\u00e1ctica (\u2026) ante eventos de conmoci\u00f3n nacional, bien sea natural -como los que pasamos esta semana- o un evento \u2013de otra \u00edndole-. Nuestro pa\u00eds en este momento est\u00e1 siendo asediado por una potencia imperial que quiere llevarse nuestro petr\u00f3leo\u00bb, enfatiz\u00f3.<\/p>\n\n\n\n<p>El ejercicio de protecci\u00f3n y defensa ante emergencias est\u00e1 sustentado en la uni\u00f3n c\u00edvico-militar-policial, combinando no solo las fuerzas vivas del Poder Popular, sino tambi\u00e9n los organismos de seguridad, bomberos y Protecci\u00f3n Civil para atender oportunamente situaciones relacionadas con da\u00f1os a infraestructura, interrupci\u00f3n de servicios o necesidades humanitarias.<\/p>\n\n\n\n<p>\u00abTenemos salud, tenemos paz y vamos a seguir teniendo paz\u00bb, afirm\u00f3.<\/p>\n\n\n\n<p><strong>Fortalecen cultura preventiva<\/strong><\/p>\n\n\n\n<p>A las 9:00 de la ma\u00f1ana, trabajadores y trabajadoras de la Torre Ministerial iniciaron una jornada te\u00f3rico-pr\u00e1ctica enfocada en medidas de prevenci\u00f3n ante desastres, identificaci\u00f3n de rutas de evacuaci\u00f3n, salidas de emergencia y desalojo masivo y ordenado de los pisos del edificio.<\/p>\n\n\n\n<p>Guiados por brigadistas, se cumpli\u00f3 la evacuaci\u00f3n de manera eficiente hasta llegar a la zona segura preestablecida.<\/p>\n\n\n\n<p>Este despliegue busca optimizar los mecanismos de actuaci\u00f3n para salvaguardar la integridad del personal y asegurar la operatividad del Sistema El\u00e9ctrico Nacional (SEN), incluso en entornos inestables.<\/p>\n\n\n\n<p><strong>Prensa MPPEE &#8211; CORPOELEC<\/strong><\/p>\n","protected":false},"excerpt":{"rendered":"<p>San Bernardino, Caracas.- Bajo la premisa de proteger a la poblaci\u00f3n y garantizar la continuidad de servicios esenciales, trabajadores y<\/p>\n","protected":false},"author":24,"featured_media":100922,"comment_status":"closed","ping_status":"closed","sticky":false,"template":"","format":"standard","meta":{"footnotes":""},"categories":[15],"tags":[3357,2763,2714,3356],"class_list":["post-100921","post","type-post","status-publish","format-standard","has-post-thumbnail","hentry","category-nacionales","tag-conmocion-interna","tag-jorge-marquez","tag-nicolas-maduro","tag-simulacro"],"_links":{"self":[{"href":"https:\/\/mppee.gob.ve\/index.php?rest_route=\/wp\/v2\/posts\/100921","targetHints":{"allow":["GET"]}}],"collection":[{"href":"https:\/\/mppee.gob.ve\/index.php?rest_route=\/wp\/v2\/posts"}],"about":[{"href":"https:\/\/mppee.gob.ve\/index.php?rest_route=\/wp\/v2\/types\/post"}],"author":[{"embeddable":true,"href":"https:\/\/mppee.gob.ve\/index.php?rest_route=\/wp\/v2\/users\/24"}],"replies":[{"embeddable":true,"href":"https:\/\/mppee.gob.ve\/index.php?rest_route=%2Fwp%2Fv2%2Fcomments&post=100921"}],"version-history":[{"count":1,"href":"https:\/\/mppee.gob.ve\/index.php?rest_route=\/wp\/v2\/posts\/100921\/revisions"}],"predecessor-version":[{"id":100923,"href":"https:\/\/mppee.gob.ve\/index.php?rest_route=\/wp\/v2\/posts\/100921\/revisions\/100923"}],"wp:featuredmedia":[{"embeddable":true,"href":"https:\/\/mppee.gob.ve\/index.php?rest_route=\/wp\/v2\/media\/100922"}],"wp:attachment":[{"href":"https:\/\/mppee.gob.ve\/index.php?rest_route=%2Fwp%2Fv2%2Fmedia&parent=100921"}],"wp:term":[{"taxonomy":"category","embeddable":true,"href":"https:\/\/mppee.gob.ve\/index.php?rest_route=%2Fwp%2Fv2%2Fcategories&post=100921"},{"taxonomy":"post_tag","embeddable":true,"href":"https:\/\/mppee.gob.ve\/index.php?rest_route=%2Fwp%2Fv2%2Ftags&post=100921"}],"curies":[{"name":"wp","href":"https:\/\/api.w.org\/{rel}","templated":true}]}}