{"id":100924,"date":"2025-09-27T18:30:12","date_gmt":"2025-09-27T18:30:12","guid":{"rendered":"http:\/\/mppee.gob.ve\/?p=100924"},"modified":"2025-09-27T18:42:27","modified_gmt":"2025-09-27T18:42:27","slug":"corpoelec-refuerza-preparacion-ante-emergencias-para-garantizar-suministro-electrico","status":"publish","type":"post","link":"https:\/\/mppee.gob.ve\/?p=100924","title":{"rendered":"CORPOELEC refuerza preparaci\u00f3n ante emergencias para garantizar suministro el\u00e9ctrico"},"content":{"rendered":"\n<p><strong>Cuman\u00e1, estado Sucre.-<\/strong> Desde la subestaci\u00f3n Tres Picos, en el estado Sucre, trabajadores y trabajadoras de la Corporaci\u00f3n El\u00e9ctrica Nacional (CORPOELEC) protagonizaron una jornada te\u00f3rico-pr\u00e1ctica destinada a garantizar la continuidad del servicio el\u00e9ctrico en escenarios de emergencia, ya sea por desastres naturales o conflictos armados, como parte del Simulacro Nacional de Protecci\u00f3n Civil y Preparaci\u00f3n del Pueblo.<\/p>\n\n\n\n<p>El despliegue, convocado por el presidente de la Rep\u00fablica, Nicol\u00e1s Maduro, busca capacitar al personal administrativo, operativo y obrero del Sistema El\u00e9ctrico Nacional (SEN) en protocolos de seguridad que preserven su integridad f\u00edsica.<\/p>\n\n\n\n<p>La primera fase de la actividad se desarroll\u00f3 en la sede administrativa de CORPOELEC en Cuman\u00e1, donde se ofreci\u00f3 informaci\u00f3n necesaria sobre mecanismos de actuaci\u00f3n ante eventos s\u00edsmicos, incendios, inundaciones y situaciones vinculadas a conflictos b\u00e9licos.<\/p>\n\n\n\n<p>En este sentido, la formaci\u00f3n incluy\u00f3 identificaci\u00f3n de riesgos, evacuaci\u00f3n, comunicaci\u00f3n, primeros auxilios y planes de contingencia.<\/p>\n\n\n\n<p>\u201cEsta actividad nos permite prepararnos para el momento en que ocurra alg\u00fan evento adverso que pueda poner en riesgo nuestra vida y la de nuestros compa\u00f1eros\u201d, se\u00f1al\u00f3 Blaimer Valdiviezo, trabajador del Fondo Autoadministrado de Salud del Ministerio del Poder Popular para la Energ\u00eda El\u00e9ctrica (Fasmee).<\/p>\n\n\n\n<p>Valdiviezo destac\u00f3 que, particularmente en el estado Sucre, resulta indispensable mantener el adiestramiento constante, debido a la actividad s\u00edsmica generada por la falla geol\u00f3gica de El Pilar.<\/p>\n\n\n\n<p>\u201cCuman\u00e1 est\u00e1 ubicada en una regi\u00f3n de gran magnitud, y por eso debemos tomar estas previsiones ante las situaciones que est\u00e1n ocurriendo\u201d, expres\u00f3 en alusi\u00f3n al enjambre s\u00edsmico registrado hasta la madrugada del jueves 25 de septiembre en Venezuela, donde se contabilizaron 10 sismos y 21 r\u00e9plicas, generando una alerta preventiva en zonas sensibles del pa\u00eds.<\/p>\n\n\n\n<p><strong>Trabajadores activados en el oriente<\/strong><\/p>\n\n\n\n<p>Adicionalmente, en los estados Monagas y Nueva Esparta se realizaron ejercicios pr\u00e1cticos para identificar rutas de evacuaci\u00f3n y salidas de emergencia en las sedes administrativas de Nicamale (Matur\u00edn) y San Lorenzo (Pampatar), respectivamente.<\/p>\n\n\n\n<p>\u00abCon compromiso, la clase trabajadora se sum\u00f3 a esta actividad que nos permitir\u00e1 estar m\u00e1s preparados (\u2026) Ha sido una participaci\u00f3n en perfecta uni\u00f3n\u00bb, agreg\u00f3 Luis Figueroa, trabajador del estado Monagas.<\/p>\n\n\n\n<p>Este despliegue fortalece los procedimientos de seguridad, autoprotecci\u00f3n y capacidad de respuesta, consolidando la preparaci\u00f3n operativa ante situaciones de riesgo.<\/p>\n\n\n\n<p>El Simulacro Nacional de Protecci\u00f3n Civil y Preparaci\u00f3n del Pueblo se ejecuta de forma simult\u00e1nea en sedes administrativas, subestaciones y plantas del Sistema El\u00e9ctrico Nacional (SEN), con la participaci\u00f3n de la Brigada de Control de Emergencias, funcionarios de Protecci\u00f3n Civil, bomberos y cuerpos de seguridad ciudadana, lo que permite activar los planes robustos establecidos por el Gobierno Nacional.<\/p>\n\n\n\n<p><strong>Prensa MPPEE \u2013 CORPOELEC<\/strong><\/p>\n\n\n\n<p><\/p>\n","protected":false},"excerpt":{"rendered":"<p>Cuman\u00e1, estado Sucre.- Desde la subestaci\u00f3n Tres Picos, en el estado Sucre, trabajadores y trabajadoras de la Corporaci\u00f3n El\u00e9ctrica Nacional<\/p>\n","protected":false},"author":24,"featured_media":100925,"comment_status":"closed","ping_status":"closed","sticky":false,"template":"","format":"standard","meta":{"footnotes":""},"categories":[15],"tags":[2801,2703,2727,3358,3356,2693,3239],"class_list":["post-100924","post","type-post","status-publish","format-standard","has-post-thumbnail","hentry","category-nacionales","tag-cumana","tag-monagas","tag-nueva-esparta","tag-proteccion-civil","tag-simulacro","tag-sucre","tag-tres-picos"],"_links":{"self":[{"href":"https:\/\/mppee.gob.ve\/index.php?rest_route=\/wp\/v2\/posts\/100924","targetHints":{"allow":["GET"]}}],"collection":[{"href":"https:\/\/mppee.gob.ve\/index.php?rest_route=\/wp\/v2\/posts"}],"about":[{"href":"https:\/\/mppee.gob.ve\/index.php?rest_route=\/wp\/v2\/types\/post"}],"author":[{"embeddable":true,"href":"https:\/\/mppee.gob.ve\/index.php?rest_route=\/wp\/v2\/users\/24"}],"replies":[{"embeddable":true,"href":"https:\/\/mppee.gob.ve\/index.php?rest_route=%2Fwp%2Fv2%2Fcomments&post=100924"}],"version-history":[{"count":1,"href":"https:\/\/mppee.gob.ve\/index.php?rest_route=\/wp\/v2\/posts\/100924\/revisions"}],"predecessor-version":[{"id":100926,"href":"https:\/\/mppee.gob.ve\/index.php?rest_route=\/wp\/v2\/posts\/100924\/revisions\/100926"}],"wp:featuredmedia":[{"embeddable":true,"href":"https:\/\/mppee.gob.ve\/index.php?rest_route=\/wp\/v2\/media\/100925"}],"wp:attachment":[{"href":"https:\/\/mppee.gob.ve\/index.php?rest_route=%2Fwp%2Fv2%2Fmedia&parent=100924"}],"wp:term":[{"taxonomy":"category","embeddable":true,"href":"https:\/\/mppee.gob.ve\/index.php?rest_route=%2Fwp%2Fv2%2Fcategories&post=100924"},{"taxonomy":"post_tag","embeddable":true,"href":"https:\/\/mppee.gob.ve\/index.php?rest_route=%2Fwp%2Fv2%2Ftags&post=100924"}],"curies":[{"name":"wp","href":"https:\/\/api.w.org\/{rel}","templated":true}]}}