{"id":101139,"date":"2025-10-04T02:22:50","date_gmt":"2025-10-04T02:22:50","guid":{"rendered":"https:\/\/mppee.gob.ve\/?p=101139"},"modified":"2025-10-04T02:22:51","modified_gmt":"2025-10-04T02:22:51","slug":"usuarios-recibiran-asesoria-directa-en-10-municipios-mirandinos-informacion","status":"publish","type":"post","link":"https:\/\/mppee.gob.ve\/?p=101139","title":{"rendered":"Usuarios recibir\u00e1n asesor\u00eda directa en 10 municipios mirandinos (+Informaci\u00f3n)"},"content":{"rendered":"\n<p><strong>Estado Miranda.- <\/strong>A trav\u00e9s de Jornadas Integrales de Atenci\u00f3n al Usuario, la Corporaci\u00f3n El\u00e9ctrica Nacional (CORPOELEC) ofrecer\u00e1 este s\u00e1bado asistencia personalizada a usuarios residenciales y comerciales en 10 municipios del estado Miranda.<\/p>\n\n\n\n<p>Los agentes comerciales brindar\u00e1n servicios de actualizaci\u00f3n de datos, pago de facturas, notificaciones de deuda y orientaci\u00f3n sobre tr\u00e1mites vinculados al servicio el\u00e9ctrico. La jornada se realizar\u00e1 entre las 09:00 de la ma\u00f1ana y las 02:00 de la tarde.<\/p>\n\n\n\n<ul class=\"wp-block-list\">\n<li><strong>Municipio Guaicaipuro<\/strong><\/li>\n<\/ul>\n\n\n\n<ul class=\"wp-block-list\">\n<li>Centro de Servicio Paracotos, calle P\u00edo a Rengifo, Edificio CORPOELEC.<\/li>\n\n\n\n<li>C.C Luz El\u00e9ctrica, calle Miquilen, piso 2.<\/li>\n\n\n\n<li>Sector La Mata, Colegio Negra Hip\u00f3lita, Los Teques.<\/li>\n<\/ul>\n\n\n\n<ul class=\"wp-block-list\">\n<li><strong>Municipio Los Salias<\/strong><\/li>\n<\/ul>\n\n\n\n<ul class=\"wp-block-list\">\n<li>C.C. Galer\u00edas Las Am\u00e9ricas, piso 1, carretera Panamericana Kil\u00f3metro 15.<\/li>\n<\/ul>\n\n\n\n<ul class=\"wp-block-list\">\n<li><strong>Municipio Plaza<\/strong><\/li>\n<\/ul>\n\n\n\n<ul class=\"wp-block-list\">\n<li>Urbanizaci\u00f3n Terrazas del Este, Guarenas.<\/li>\n<\/ul>\n\n\n\n<ul class=\"wp-block-list\">\n<li><strong>Municipio Acevedo<\/strong><\/li>\n<\/ul>\n\n\n\n<ul class=\"wp-block-list\">\n<li>Calle Miranda, Caucagua.<\/li>\n<\/ul>\n\n\n\n<ul class=\"wp-block-list\">\n<li><strong>Municipio Bri\u00f3n<\/strong><\/li>\n<\/ul>\n\n\n\n<ul class=\"wp-block-list\">\n<li>Res. Venezia Puerto Encantado, Higuerote.<\/li>\n<\/ul>\n\n\n\n<ul class=\"wp-block-list\">\n<li><strong>Municipio Crist\u00f3bal Rojas<\/strong><\/li>\n<\/ul>\n\n\n\n<ul class=\"wp-block-list\">\n<li>Ciudad Miranda, Charallave.<\/li>\n<\/ul>\n\n\n\n<ul class=\"wp-block-list\">\n<li><strong>Municipio Independencia<\/strong><\/li>\n<\/ul>\n\n\n\n<ul class=\"wp-block-list\">\n<li>Sector Ciudad Lozada, Santa Teresa del Tuy.<\/li>\n<\/ul>\n\n\n\n<ul class=\"wp-block-list\">\n<li><strong>Municipio Tom\u00e1s Lander<\/strong><\/li>\n<\/ul>\n\n\n\n<ul class=\"wp-block-list\">\n<li>Res. Parque Central, Ocumare del Tuy.<\/li>\n<\/ul>\n\n\n\n<ul class=\"wp-block-list\">\n<li><strong>Municipio Sim\u00f3n Bol\u00edvar<\/strong><\/li>\n<\/ul>\n\n\n\n<ul class=\"wp-block-list\">\n<li>San Francisco de Yare, Res. Colinas de San Francisco.<\/li>\n<\/ul>\n\n\n\n<ul class=\"wp-block-list\">\n<li><strong>Municipio Urdaneta<\/strong><\/li>\n<\/ul>\n\n\n\n<ul class=\"wp-block-list\">\n<li>Residencias Jardines de Galip\u00e1n, C\u00faa.<\/li>\n<\/ul>\n\n\n\n<p>Para m\u00e1s informaci\u00f3n sobre las Jornadas Integrales de Atenci\u00f3n al Usuario, puede consultar la cuenta&nbsp;<a href=\"https:\/\/www.instagram.com\/corpoelecinfo\/\">@corpoelecinfo&nbsp;<\/a>en Instagram o visitar la p\u00e1gina<a href=\"https:\/\/www.facebook.com\/Corpoelecinfo\">&nbsp;Corpoelec Informa&nbsp;<\/a>en Facebook.<\/p>\n\n\n\n<p><strong>Prensa MPPEE \u2013 CORPOELEC<\/strong><\/p>\n\n\n\n<p><\/p>\n","protected":false},"excerpt":{"rendered":"<p>Estado Miranda.- A trav\u00e9s de Jornadas Integrales de Atenci\u00f3n al Usuario, la Corporaci\u00f3n El\u00e9ctrica Nacional (CORPOELEC) ofrecer\u00e1 este s\u00e1bado asistencia<\/p>\n","protected":false},"author":24,"featured_media":98341,"comment_status":"closed","ping_status":"closed","sticky":false,"template":"","format":"standard","meta":{"footnotes":""},"categories":[30],"tags":[2758,2691,2709,2769],"class_list":["post-101139","post","type-post","status-publish","format-standard","has-post-thumbnail","hentry","category-regionales","tag-atencion","tag-corpoelec","tag-miranda","tag-usuario"],"_links":{"self":[{"href":"https:\/\/mppee.gob.ve\/index.php?rest_route=\/wp\/v2\/posts\/101139","targetHints":{"allow":["GET"]}}],"collection":[{"href":"https:\/\/mppee.gob.ve\/index.php?rest_route=\/wp\/v2\/posts"}],"about":[{"href":"https:\/\/mppee.gob.ve\/index.php?rest_route=\/wp\/v2\/types\/post"}],"author":[{"embeddable":true,"href":"https:\/\/mppee.gob.ve\/index.php?rest_route=\/wp\/v2\/users\/24"}],"replies":[{"embeddable":true,"href":"https:\/\/mppee.gob.ve\/index.php?rest_route=%2Fwp%2Fv2%2Fcomments&post=101139"}],"version-history":[{"count":1,"href":"https:\/\/mppee.gob.ve\/index.php?rest_route=\/wp\/v2\/posts\/101139\/revisions"}],"predecessor-version":[{"id":101141,"href":"https:\/\/mppee.gob.ve\/index.php?rest_route=\/wp\/v2\/posts\/101139\/revisions\/101141"}],"wp:featuredmedia":[{"embeddable":true,"href":"https:\/\/mppee.gob.ve\/index.php?rest_route=\/wp\/v2\/media\/98341"}],"wp:attachment":[{"href":"https:\/\/mppee.gob.ve\/index.php?rest_route=%2Fwp%2Fv2%2Fmedia&parent=101139"}],"wp:term":[{"taxonomy":"category","embeddable":true,"href":"https:\/\/mppee.gob.ve\/index.php?rest_route=%2Fwp%2Fv2%2Fcategories&post=101139"},{"taxonomy":"post_tag","embeddable":true,"href":"https:\/\/mppee.gob.ve\/index.php?rest_route=%2Fwp%2Fv2%2Ftags&post=101139"}],"curies":[{"name":"wp","href":"https:\/\/api.w.org\/{rel}","templated":true}]}}