{"id":101230,"date":"2025-10-08T09:22:00","date_gmt":"2025-10-08T09:22:00","guid":{"rendered":"https:\/\/mppee.gob.ve\/?p=101230"},"modified":"2025-10-07T21:22:54","modified_gmt":"2025-10-07T21:22:54","slug":"instaladas-luminarias-led-para-fortalecer-el-alumbrado-publico-en-carrizal","status":"publish","type":"post","link":"https:\/\/mppee.gob.ve\/?p=101230","title":{"rendered":"Instaladas luminarias LED para fortalecer el alumbrado p\u00fablico en Carrizal"},"content":{"rendered":"\n<p><strong>Estado Miranda.- <\/strong>La clase trabajadora de la Corporaci\u00f3n El\u00e9ctrica Nacional (CORPOELEC) instal\u00f3 80 luminarias LED en diferentes sectores del municipio Carrizal, beneficiando directamente a m\u00e1s de 2.500 familias del estado Miranda.<\/p>\n\n\n\n<p>El despliegue t\u00e9cnico abarc\u00f3 los sectores Brisas de Oriente, Mana de Brisas, Jusapulum Uchom, Uni\u00f3n Juventud Futuro y el sector Las Piedras.<\/p>\n\n\n\n<p>El Poder Popular organizado, a trav\u00e9s del consejo comunal Uni\u00f3n Juventud Futuro, agradeci\u00f3 la pronta atenci\u00f3n, destacando que estas acciones optimizan el sistema de alumbrado p\u00fablico y fortalecen la seguridad de transe\u00fantes y conductores.<\/p>\n\n\n\n<p>CORPOELEC se mantiene desplegado en la regi\u00f3n mirandina, reafirmando su compromiso con el fortalecimiento del Sistema El\u00e9ctrico Nacional (SEN) y la mejora continua de la calidad de vida de los ciudadanos.<\/p>\n\n\n\n<p><strong>Prensa MPPEE \u2013 CORPOELEC<\/strong><\/p>\n","protected":false},"excerpt":{"rendered":"<p>Estado Miranda.- La clase trabajadora de la Corporaci\u00f3n El\u00e9ctrica Nacional (CORPOELEC) instal\u00f3 80 luminarias LED en diferentes sectores del municipio<\/p>\n","protected":false},"author":24,"featured_media":101234,"comment_status":"closed","ping_status":"closed","sticky":false,"template":"","format":"standard","meta":{"footnotes":""},"categories":[30],"tags":[2771,2846,2709,3122],"class_list":["post-101230","post","type-post","status-publish","format-standard","has-post-thumbnail","hentry","category-regionales","tag-alumbrado-publico","tag-carrizal","tag-miranda","tag-poder-popular"],"_links":{"self":[{"href":"https:\/\/mppee.gob.ve\/index.php?rest_route=\/wp\/v2\/posts\/101230","targetHints":{"allow":["GET"]}}],"collection":[{"href":"https:\/\/mppee.gob.ve\/index.php?rest_route=\/wp\/v2\/posts"}],"about":[{"href":"https:\/\/mppee.gob.ve\/index.php?rest_route=\/wp\/v2\/types\/post"}],"author":[{"embeddable":true,"href":"https:\/\/mppee.gob.ve\/index.php?rest_route=\/wp\/v2\/users\/24"}],"replies":[{"embeddable":true,"href":"https:\/\/mppee.gob.ve\/index.php?rest_route=%2Fwp%2Fv2%2Fcomments&post=101230"}],"version-history":[{"count":1,"href":"https:\/\/mppee.gob.ve\/index.php?rest_route=\/wp\/v2\/posts\/101230\/revisions"}],"predecessor-version":[{"id":101232,"href":"https:\/\/mppee.gob.ve\/index.php?rest_route=\/wp\/v2\/posts\/101230\/revisions\/101232"}],"wp:featuredmedia":[{"embeddable":true,"href":"https:\/\/mppee.gob.ve\/index.php?rest_route=\/wp\/v2\/media\/101234"}],"wp:attachment":[{"href":"https:\/\/mppee.gob.ve\/index.php?rest_route=%2Fwp%2Fv2%2Fmedia&parent=101230"}],"wp:term":[{"taxonomy":"category","embeddable":true,"href":"https:\/\/mppee.gob.ve\/index.php?rest_route=%2Fwp%2Fv2%2Fcategories&post=101230"},{"taxonomy":"post_tag","embeddable":true,"href":"https:\/\/mppee.gob.ve\/index.php?rest_route=%2Fwp%2Fv2%2Ftags&post=101230"}],"curies":[{"name":"wp","href":"https:\/\/api.w.org\/{rel}","templated":true}]}}