{"id":101773,"date":"2025-10-28T02:08:34","date_gmt":"2025-10-28T02:08:34","guid":{"rendered":"https:\/\/mppee.gob.ve\/?p=101773"},"modified":"2025-10-28T02:08:35","modified_gmt":"2025-10-28T02:08:35","slug":"designados-madrinas-y-padrinos-del-1x10-del-buen-gobierno-lista","status":"publish","type":"post","link":"https:\/\/mppee.gob.ve\/?p=101773","title":{"rendered":"Designados madrinas y padrinos del 1&#215;10 del Buen Gobierno (+Lista)"},"content":{"rendered":"\n<p><strong>San Bernardino, Caracas.- <\/strong>Con la consigna \u00ab\u00a1Al combate!\u00bb, el presidente de la Rep\u00fablica, Nicol\u00e1s Maduro, design\u00f3 a madrinas y padrinos estadales del <a href=\"https:\/\/mppee.gob.ve\/?p=101577\" data-type=\"link\" data-id=\"https:\/\/mppee.gob.ve\/?p=101577\">Sistema 1&#215;10 del Buen Gobierno<\/a>, quienes tendr\u00e1n la misi\u00f3n de fortalecer la capacidad de respuesta a solicitudes relacionadas con servicios p\u00fablicos.<\/p>\n\n\n\n<p>Durante el programa Con Maduro +, transmitido a trav\u00e9s de Venezolana de Televisi\u00f3n (VTV), anunci\u00f3 que el vicepresidente de Obras P\u00fablicas y Servicios, Jorge M\u00e1rquez, quien adem\u00e1s desempe\u00f1a la jefatura nacional del 1&#215;10 del Buen Gobierno, atender\u00e1 directamente Caracas y Zulia.<\/p>\n\n\n\n<p>En esta etapa, las tareas est\u00e1n orientadas a reforzar la interacci\u00f3n permanente con los 5.336 circuitos comunales, a trav\u00e9s de las Salas de Autogobierno Comunal, en una estrategia de articulaci\u00f3n territorial que garantice el abordaje de las prioridades comunitarias.<\/p>\n\n\n\n<p>A continuaci\u00f3n, conozca quienes son los padrinos y madrinas en los 23 estados del pa\u00eds:<\/p>\n\n\n\n<p>Bol\u00edvar y Lara: Delcy Rodr\u00edguez, vicepresidenta de la Rep\u00fablica y ministra de Hidrocarburos.<\/p>\n\n\n\n<p>Yaracuy: Anabel Pereira, ministra de Econom\u00eda y Finanzas.<\/p>\n\n\n\n<p>Trujillo: Sergio Lotartaro, ministro de la Juventud.<\/p>\n\n\n\n<p>T\u00e1chira: Carlos Mast Yustiz, ministro de Atenci\u00f3n de las Aguas.<\/p>\n\n\n\n<p>Portuguesa: Ra\u00fal Paredes, ministro de H\u00e1bitat y Vivienda.<\/p>\n\n\n\n<p>Sucre: Yelitze Santaella, ministra de la Mujer e Igualdad de G\u00e9nero.<\/p>\n\n\n\n<p>Nueva Esparta: Leticia G\u00f3mez, ministra de Turismo.<\/p>\n\n\n\n<p>Monagas: Carlos Leal Teller\u00eda, ministro de Alimentaci\u00f3n.<\/p>\n\n\n\n<p>Miranda: Gabriela Jim\u00e9nez, ministra de Ciencia, Tecnolog\u00eda e Innovaci\u00f3n.<\/p>\n\n\n\n<p>M\u00e9rida: Franklin Cardillo, ministro del Deporte.<\/p>\n\n\n\n<p>La Guaira: Yv\u00e1n Gil, ministro de Relaciones Exteriores.<\/p>\n\n\n\n<p>Delta Amacuro y Guayana Esequiba: H\u00e9ctor Silva, ministro de Miner\u00eda.<\/p>\n\n\n\n<p>Gu\u00e1rico: Ricardo Men\u00e9ndez, ministro de Planificaci\u00f3n.<\/p>\n\n\n\n<p>Falc\u00f3n: Juan Carlos Loyo, ministro de Pesca y Acuicultura.<\/p>\n\n\n\n<p>Cojedes: Ricardo S\u00e1nchez, ministro de Educaci\u00f3n Universitaria.<\/p>\n\n\n\n<p>Barinas: \u00c1ngel Prado, ministro de Comunas.<\/p>\n\n\n\n<p>Apure: Luis Villegas, ministro de Comercio Nacional.<\/p>\n\n\n\n<p>Anzo\u00e1tegui: Julio Le\u00f3n Heredia, ministro de Agricultura Productiva y Tierras.<\/p>\n\n\n\n<p>Carabobo: Alex Saab, ministro de Industrias y Producci\u00f3n Nacional.<\/p>\n\n\n\n<p>Aragua: Vladimir Padrino L\u00f3pez, ministro de Defensa.<\/p>\n\n\n\n<p>Amazonas: Clara Vidal, ministra de Pueblos Ind\u00edgenas.<\/p>\n\n\n\n<p>El nombramiento permitir\u00e1 afinar estrategias para alcanzar la meta establecida para el 31 de diciembre, fijada en 8 millones de casos resueltos mediante el 1&#215;10 del Buen Gobierno.<\/p>\n\n\n\n<p><strong>Prensa MPPEE &#8211; CORPOELEC<\/strong><\/p>\n","protected":false},"excerpt":{"rendered":"<p>San Bernardino, Caracas.- Con la consigna \u00ab\u00a1Al combate!\u00bb, el presidente de la Rep\u00fablica, Nicol\u00e1s Maduro, design\u00f3 a madrinas y padrinos<\/p>\n","protected":false},"author":24,"featured_media":101774,"comment_status":"closed","ping_status":"closed","sticky":false,"template":"","format":"standard","meta":{"footnotes":""},"categories":[15],"tags":[2688,2714],"class_list":["post-101773","post","type-post","status-publish","format-standard","has-post-thumbnail","hentry","category-nacionales","tag-1x10-del-buen-gobierno","tag-nicolas-maduro"],"_links":{"self":[{"href":"https:\/\/mppee.gob.ve\/index.php?rest_route=\/wp\/v2\/posts\/101773","targetHints":{"allow":["GET"]}}],"collection":[{"href":"https:\/\/mppee.gob.ve\/index.php?rest_route=\/wp\/v2\/posts"}],"about":[{"href":"https:\/\/mppee.gob.ve\/index.php?rest_route=\/wp\/v2\/types\/post"}],"author":[{"embeddable":true,"href":"https:\/\/mppee.gob.ve\/index.php?rest_route=\/wp\/v2\/users\/24"}],"replies":[{"embeddable":true,"href":"https:\/\/mppee.gob.ve\/index.php?rest_route=%2Fwp%2Fv2%2Fcomments&post=101773"}],"version-history":[{"count":1,"href":"https:\/\/mppee.gob.ve\/index.php?rest_route=\/wp\/v2\/posts\/101773\/revisions"}],"predecessor-version":[{"id":101775,"href":"https:\/\/mppee.gob.ve\/index.php?rest_route=\/wp\/v2\/posts\/101773\/revisions\/101775"}],"wp:featuredmedia":[{"embeddable":true,"href":"https:\/\/mppee.gob.ve\/index.php?rest_route=\/wp\/v2\/media\/101774"}],"wp:attachment":[{"href":"https:\/\/mppee.gob.ve\/index.php?rest_route=%2Fwp%2Fv2%2Fmedia&parent=101773"}],"wp:term":[{"taxonomy":"category","embeddable":true,"href":"https:\/\/mppee.gob.ve\/index.php?rest_route=%2Fwp%2Fv2%2Fcategories&post=101773"},{"taxonomy":"post_tag","embeddable":true,"href":"https:\/\/mppee.gob.ve\/index.php?rest_route=%2Fwp%2Fv2%2Ftags&post=101773"}],"curies":[{"name":"wp","href":"https:\/\/api.w.org\/{rel}","templated":true}]}}