{"id":102704,"date":"2025-12-05T04:57:00","date_gmt":"2025-12-05T04:57:00","guid":{"rendered":"https:\/\/mppee.gob.ve\/?p=102704"},"modified":"2025-12-05T13:48:48","modified_gmt":"2025-12-05T13:48:48","slug":"despliegan-jornadas-de-atencion-al-usuario-en-ocho-municipios-de-miranda-2","status":"publish","type":"post","link":"https:\/\/mppee.gob.ve\/?p=102704","title":{"rendered":"Despliegan Jornadas de Atenci\u00f3n al Usuario en ocho municipios de Miranda"},"content":{"rendered":"\n<p><strong>Estado Miranda.- <\/strong>La clase trabajadora de la Corporaci\u00f3n El\u00e9ctrica Nacional (CORPOELEC) realizar\u00e1, este s\u00e1bado 06 de diciembre, Jornadas Integrales de Atenci\u00f3n a Usuarios residenciales y comerciales en ocho municipios del estado Miranda, con el prop\u00f3sito de brindar una atenci\u00f3n personalizada y directa.<\/p>\n\n\n\n<p>Durante la actividad, los asistentes contar\u00e1n con asesor\u00eda en materia de actualizaci\u00f3n de datos, notificaci\u00f3n de deudas y pago de facturas del servicio el\u00e9ctrico a trav\u00e9s de punto de venta, entre las 9:00 de la ma\u00f1ana y 2:00 de la tarde en los siguientes sectores:<\/p>\n\n\n\n<p>\u2022 Municipio Guaicaipuro:<\/p>\n\n\n\n<p>Centro de Servicios Paracotos, calle P\u00edo a Rengifo, Edificio CORPOELEC.<\/p>\n\n\n\n<p>Residencias Trigo Dorado<\/p>\n\n\n\n<p>C.C. Luz El\u00e9ctrica, calle Miquilen, piso 2.<\/p>\n\n\n\n<p>\u2022 Municipio Los Salias:<\/p>\n\n\n\n<p>C.C. Galer\u00edas Las Am\u00e9ricas, piso 1, Carretera Panamericana Kil\u00f3metro 15.<\/p>\n\n\n\n<p>\u2022 Municipio Acevedo:<br>Caucagua, calle El Cedral.<\/p>\n\n\n\n<p>\u2022 Municipio Independencia:<br>Santa Teresa, residencias Mibelli.<\/p>\n\n\n\n<p>\u2022 Municipio Bri\u00f3n:<br>Higuerote, residencias La Gran Costanera.<\/p>\n\n\n\n<p>\u2022 Municipio Crist\u00f3bal Rojas:<br>Residencias Luisa y Roc\u00edo.<\/p>\n\n\n\n<p>\u2022 Municipio Tom\u00e1s Lander:<br>Ocumare, Residencias Parque Central.<\/p>\n\n\n\n<p>\u2022 Municipio Plaza:<br>Sector Las Clavellinas, Residencias Vista Alta.<\/p>\n\n\n\n<p>Para m\u00e1s informaci\u00f3n sobre las Jornadas Integrales de Atenci\u00f3n al Usuario, puede consultar la cuenta @corpoelecinfo en Instagram o visitar la p\u00e1gina CORPOELEC Informa en Facebook.<\/p>\n\n\n\n<p><strong>Prensa MPPEE-CORPOELEC<\/strong><\/p>\n","protected":false},"excerpt":{"rendered":"<p>Estado Miranda.- La clase trabajadora de la Corporaci\u00f3n El\u00e9ctrica Nacional (CORPOELEC) realizar\u00e1, este s\u00e1bado 06 de diciembre, Jornadas Integrales de<\/p>\n","protected":false},"author":22,"featured_media":101102,"comment_status":"closed","ping_status":"closed","sticky":false,"template":"","format":"standard","meta":{"footnotes":""},"categories":[30],"tags":[2691,2709,11,2744,46],"class_list":["post-102704","post","type-post","status-publish","format-standard","has-post-thumbnail","hentry","category-regionales","tag-corpoelec","tag-miranda","tag-mppee","tag-sen","tag-venezuela"],"_links":{"self":[{"href":"https:\/\/mppee.gob.ve\/index.php?rest_route=\/wp\/v2\/posts\/102704","targetHints":{"allow":["GET"]}}],"collection":[{"href":"https:\/\/mppee.gob.ve\/index.php?rest_route=\/wp\/v2\/posts"}],"about":[{"href":"https:\/\/mppee.gob.ve\/index.php?rest_route=\/wp\/v2\/types\/post"}],"author":[{"embeddable":true,"href":"https:\/\/mppee.gob.ve\/index.php?rest_route=\/wp\/v2\/users\/22"}],"replies":[{"embeddable":true,"href":"https:\/\/mppee.gob.ve\/index.php?rest_route=%2Fwp%2Fv2%2Fcomments&post=102704"}],"version-history":[{"count":1,"href":"https:\/\/mppee.gob.ve\/index.php?rest_route=\/wp\/v2\/posts\/102704\/revisions"}],"predecessor-version":[{"id":102705,"href":"https:\/\/mppee.gob.ve\/index.php?rest_route=\/wp\/v2\/posts\/102704\/revisions\/102705"}],"wp:featuredmedia":[{"embeddable":true,"href":"https:\/\/mppee.gob.ve\/index.php?rest_route=\/wp\/v2\/media\/101102"}],"wp:attachment":[{"href":"https:\/\/mppee.gob.ve\/index.php?rest_route=%2Fwp%2Fv2%2Fmedia&parent=102704"}],"wp:term":[{"taxonomy":"category","embeddable":true,"href":"https:\/\/mppee.gob.ve\/index.php?rest_route=%2Fwp%2Fv2%2Fcategories&post=102704"},{"taxonomy":"post_tag","embeddable":true,"href":"https:\/\/mppee.gob.ve\/index.php?rest_route=%2Fwp%2Fv2%2Ftags&post=102704"}],"curies":[{"name":"wp","href":"https:\/\/api.w.org\/{rel}","templated":true}]}}