{"id":102802,"date":"2025-12-09T15:52:31","date_gmt":"2025-12-09T15:52:31","guid":{"rendered":"https:\/\/mppee.gob.ve\/?p=102802"},"modified":"2025-12-09T15:52:38","modified_gmt":"2025-12-09T15:52:38","slug":"corpoelec-robustece-distribucion-de-energia-en-comunidades-de-altos-mirandinos","status":"publish","type":"post","link":"https:\/\/mppee.gob.ve\/?p=102802","title":{"rendered":"CORPOELEC robustece distribuci\u00f3n de energ\u00eda en comunidades de Altos Mirandinos"},"content":{"rendered":"\n<p><strong>Estado Miranda.-<\/strong> La Corporaci\u00f3n El\u00e9ctrica Nacional (CORPOELEC) ejecut\u00f3 mejoras en el servicio el\u00e9ctrico de la urbanizaci\u00f3n Monta\u00f1a Alta y Barrio Miranda, ubicados en los municipios Carrizal y Guaicaipuro, beneficiando directamente a 1.200 familias de los Altos Mirandinos.<\/p>\n\n\n\n<p>Gracias a los reportes canalizados a trav\u00e9s del Sistema 1&#215;10 del Buen Gobierno, se sustituy\u00f3 un transformador de 750 kVA con el apoyo de la comunidad organizada. Asimismo, se realiz\u00f3 el reemplazo de una estructura el\u00e9ctrica de media tensi\u00f3n, fortaleciendo la red de distribuci\u00f3n.<\/p>\n\n\n\n<p>Con estas maniobras t\u00e9cnicas, la clase trabajadora de CORPOELEC brinda soluciones efectivas a las necesidades de los usuarios en materia de servicio el\u00e9ctrico, asegurando mayor estabilidad y confiabilidad en el suministro.<\/p>\n\n\n\n<p><strong>Prensa MPPEE &#8211; CORPOELEC<\/strong><\/p>\n","protected":false},"excerpt":{"rendered":"<p>Estado Miranda.- La Corporaci\u00f3n El\u00e9ctrica Nacional (CORPOELEC) ejecut\u00f3 mejoras en el servicio el\u00e9ctrico de la urbanizaci\u00f3n Monta\u00f1a Alta y Barrio<\/p>\n","protected":false},"author":24,"featured_media":102803,"comment_status":"closed","ping_status":"closed","sticky":false,"template":"","format":"standard","meta":{"footnotes":""},"categories":[30],"tags":[2688,2847,2709,2968],"class_list":["post-102802","post","type-post","status-publish","format-standard","has-post-thumbnail","hentry","category-regionales","tag-1x10-del-buen-gobierno","tag-altos-mirandinos","tag-miranda","tag-transformador"],"_links":{"self":[{"href":"https:\/\/mppee.gob.ve\/index.php?rest_route=\/wp\/v2\/posts\/102802","targetHints":{"allow":["GET"]}}],"collection":[{"href":"https:\/\/mppee.gob.ve\/index.php?rest_route=\/wp\/v2\/posts"}],"about":[{"href":"https:\/\/mppee.gob.ve\/index.php?rest_route=\/wp\/v2\/types\/post"}],"author":[{"embeddable":true,"href":"https:\/\/mppee.gob.ve\/index.php?rest_route=\/wp\/v2\/users\/24"}],"replies":[{"embeddable":true,"href":"https:\/\/mppee.gob.ve\/index.php?rest_route=%2Fwp%2Fv2%2Fcomments&post=102802"}],"version-history":[{"count":2,"href":"https:\/\/mppee.gob.ve\/index.php?rest_route=\/wp\/v2\/posts\/102802\/revisions"}],"predecessor-version":[{"id":102805,"href":"https:\/\/mppee.gob.ve\/index.php?rest_route=\/wp\/v2\/posts\/102802\/revisions\/102805"}],"wp:featuredmedia":[{"embeddable":true,"href":"https:\/\/mppee.gob.ve\/index.php?rest_route=\/wp\/v2\/media\/102803"}],"wp:attachment":[{"href":"https:\/\/mppee.gob.ve\/index.php?rest_route=%2Fwp%2Fv2%2Fmedia&parent=102802"}],"wp:term":[{"taxonomy":"category","embeddable":true,"href":"https:\/\/mppee.gob.ve\/index.php?rest_route=%2Fwp%2Fv2%2Fcategories&post=102802"},{"taxonomy":"post_tag","embeddable":true,"href":"https:\/\/mppee.gob.ve\/index.php?rest_route=%2Fwp%2Fv2%2Ftags&post=102802"}],"curies":[{"name":"wp","href":"https:\/\/api.w.org\/{rel}","templated":true}]}}