{"id":102814,"date":"2025-12-09T19:10:00","date_gmt":"2025-12-09T19:10:00","guid":{"rendered":"https:\/\/mppee.gob.ve\/?p=102814"},"modified":"2025-12-09T19:10:03","modified_gmt":"2025-12-09T19:10:03","slug":"adecuaciones-integrales-optimizan-distribucion-de-energia-en-la-guaira","status":"publish","type":"post","link":"https:\/\/mppee.gob.ve\/?p=102814","title":{"rendered":"Adecuaciones integrales optimizan distribuci\u00f3n de energ\u00eda en La Guaira"},"content":{"rendered":"\n<p><strong>Estado La Guaira.-<\/strong> La Corporaci\u00f3n El\u00e9ctrica Nacional (CORPOELEC) optimiz\u00f3 la distribuci\u00f3n de energ\u00eda en las parroquias Catia La Mar y Carayaca, mediante adecuaciones en los circuitos Picure A3 y B1, beneficiando a m\u00e1s de 2.000 familias del estado La Guaira.<\/p>\n\n\n\n<p>Las labores incluyeron la sustituci\u00f3n de componentes el\u00e9ctricos y la rehabilitaci\u00f3n de l\u00edneas de media tensi\u00f3n en los sectores Las Tunitas, Mamo, Mayupan, Taguao, Villa Croacia y Petaquire, garantizando un suministro confiable y continuo en el Litoral Central.<\/p>\n\n\n\n<p>De igual manera, se ejecut\u00f3 la sustituci\u00f3n de un transformador de 50 kVA en el sector Las Salinas, ubicado en el eje costero del oeste del municipio Vargas, lo que permiti\u00f3 mejorar significativamente el servicio el\u00e9ctrico en esta comunidad.<\/p>\n\n\n\n<p>Con estas acciones, el Ministerio del Poder Popular para la Energ\u00eda El\u00e9ctrica reafirman su compromiso de fortalecer la operatividad del sistema el\u00e9ctrico y garantizar un suministro \u00f3ptimo para el pueblo guaire\u00f1o.<\/p>\n\n\n\n<p><strong>Prensa MPPEE &#8211; CORPOELEC<\/strong><\/p>\n","protected":false},"excerpt":{"rendered":"<p>Estado La Guaira.- La Corporaci\u00f3n El\u00e9ctrica Nacional (CORPOELEC) optimiz\u00f3 la distribuci\u00f3n de energ\u00eda en las parroquias Catia La Mar y<\/p>\n","protected":false},"author":24,"featured_media":102815,"comment_status":"closed","ping_status":"closed","sticky":false,"template":"","format":"standard","meta":{"footnotes":""},"categories":[30],"tags":[2818,3156,2691,2743,3508],"class_list":["post-102814","post","type-post","status-publish","format-standard","has-post-thumbnail","hentry","category-regionales","tag-carayaca","tag-catia-la-mar","tag-corpoelec","tag-la-guaira","tag-picure-a3"],"_links":{"self":[{"href":"https:\/\/mppee.gob.ve\/index.php?rest_route=\/wp\/v2\/posts\/102814","targetHints":{"allow":["GET"]}}],"collection":[{"href":"https:\/\/mppee.gob.ve\/index.php?rest_route=\/wp\/v2\/posts"}],"about":[{"href":"https:\/\/mppee.gob.ve\/index.php?rest_route=\/wp\/v2\/types\/post"}],"author":[{"embeddable":true,"href":"https:\/\/mppee.gob.ve\/index.php?rest_route=\/wp\/v2\/users\/24"}],"replies":[{"embeddable":true,"href":"https:\/\/mppee.gob.ve\/index.php?rest_route=%2Fwp%2Fv2%2Fcomments&post=102814"}],"version-history":[{"count":1,"href":"https:\/\/mppee.gob.ve\/index.php?rest_route=\/wp\/v2\/posts\/102814\/revisions"}],"predecessor-version":[{"id":102816,"href":"https:\/\/mppee.gob.ve\/index.php?rest_route=\/wp\/v2\/posts\/102814\/revisions\/102816"}],"wp:featuredmedia":[{"embeddable":true,"href":"https:\/\/mppee.gob.ve\/index.php?rest_route=\/wp\/v2\/media\/102815"}],"wp:attachment":[{"href":"https:\/\/mppee.gob.ve\/index.php?rest_route=%2Fwp%2Fv2%2Fmedia&parent=102814"}],"wp:term":[{"taxonomy":"category","embeddable":true,"href":"https:\/\/mppee.gob.ve\/index.php?rest_route=%2Fwp%2Fv2%2Fcategories&post=102814"},{"taxonomy":"post_tag","embeddable":true,"href":"https:\/\/mppee.gob.ve\/index.php?rest_route=%2Fwp%2Fv2%2Ftags&post=102814"}],"curies":[{"name":"wp","href":"https:\/\/api.w.org\/{rel}","templated":true}]}}