{"id":102844,"date":"2025-12-10T16:09:00","date_gmt":"2025-12-10T16:09:00","guid":{"rendered":"https:\/\/mppee.gob.ve\/?p=102844"},"modified":"2025-12-10T16:09:02","modified_gmt":"2025-12-10T16:09:02","slug":"jornadas-de-atencion-al-usuario-se-desplegaran-en-ocho-municipios-trujillanos-informacion","status":"publish","type":"post","link":"https:\/\/mppee.gob.ve\/?p=102844","title":{"rendered":"Jornadas de Atenci\u00f3n al Usuario se desplegar\u00e1n en ocho municipios trujillanos (+Informaci\u00f3n)"},"content":{"rendered":"\n<p><strong>Estado Trujillo.-<\/strong> Desde el jueves 11 hasta el s\u00e1bado 13 de diciembre, la Corporaci\u00f3n El\u00e9ctrica Nacional (CORPOELEC) realizar\u00e1 Jornadas Integrales de Atenci\u00f3n al Usuario en ocho municipios del estado Trujillo, con el objetivo de facilitar la gesti\u00f3n de tr\u00e1mites relacionados con el servicio el\u00e9ctrico.<\/p>\n\n\n\n<p>Los agentes comerciales ofrecer\u00e1n asesor\u00eda en pago de facturas, actualizaci\u00f3n de datos y atenci\u00f3n de solicitudes. Los puntos de atenci\u00f3n estar\u00e1n habilitados entre las 09:00 de la ma\u00f1ana y las 04:00 de la tarde.<\/p>\n\n\n\n<ul class=\"wp-block-list\">\n<li>Municipio Valera, parroquias: La Beatriz y Mercedes D\u00edaz.<\/li>\n\n\n\n<li>Municipio San Rafael de Carvajal, parroquia Carvajal.<\/li>\n\n\n\n<li>Municipio Escuque, parroquias Escuque y Sabana Libre.<\/li>\n\n\n\n<li>Municipio Pampanito, parroquia Pampanito.<\/li>\n\n\n\n<li>Municipio Bocon\u00f3, parroquia El Carmen.<\/li>\n\n\n\n<li>Municipio Rafael Rangel, parroquia Betijoque, La Pueblita y Los Cedros.<\/li>\n\n\n\n<li>Municipio Trujillo, parroquias Crist\u00f3bal Mendoza y Chiquinquir\u00e1.<\/li>\n\n\n\n<li>Municipio Bolivar, parroquia Sabana Grande.<\/li>\n<\/ul>\n\n\n\n<p>Para m\u00e1s informaci\u00f3n sobre las Jornadas Integrales de Atenci\u00f3n al Usuario, puede consultar la cuenta&nbsp;<a href=\"https:\/\/www.instagram.com\/corpoelecinfo\/\">@corpoelecinfo&nbsp;<\/a>en Instagram;&nbsp;<a href=\"https:\/\/www.facebook.com\/Corpoelecinfo\">Corpoelec Informa&nbsp;<\/a>en Facebook o visitar la p\u00e1gina web&nbsp;<a href=\"https:\/\/corpoelec.gob.ve\/\">corpoelec.gob.ve<\/a>.<\/p>\n\n\n\n<p><strong>Prensa MPPEE \u2013 CORPOELEC<\/strong><\/p>\n","protected":false},"excerpt":{"rendered":"<p>Estado Trujillo.- Desde el jueves 11 hasta el s\u00e1bado 13 de diciembre, la Corporaci\u00f3n El\u00e9ctrica Nacional (CORPOELEC) realizar\u00e1 Jornadas Integrales<\/p>\n","protected":false},"author":24,"featured_media":98318,"comment_status":"closed","ping_status":"closed","sticky":false,"template":"","format":"standard","meta":{"footnotes":""},"categories":[30],"tags":[2758,2691,2702,2769],"class_list":["post-102844","post","type-post","status-publish","format-standard","has-post-thumbnail","hentry","category-regionales","tag-atencion","tag-corpoelec","tag-trujillo","tag-usuario"],"_links":{"self":[{"href":"https:\/\/mppee.gob.ve\/index.php?rest_route=\/wp\/v2\/posts\/102844","targetHints":{"allow":["GET"]}}],"collection":[{"href":"https:\/\/mppee.gob.ve\/index.php?rest_route=\/wp\/v2\/posts"}],"about":[{"href":"https:\/\/mppee.gob.ve\/index.php?rest_route=\/wp\/v2\/types\/post"}],"author":[{"embeddable":true,"href":"https:\/\/mppee.gob.ve\/index.php?rest_route=\/wp\/v2\/users\/24"}],"replies":[{"embeddable":true,"href":"https:\/\/mppee.gob.ve\/index.php?rest_route=%2Fwp%2Fv2%2Fcomments&post=102844"}],"version-history":[{"count":1,"href":"https:\/\/mppee.gob.ve\/index.php?rest_route=\/wp\/v2\/posts\/102844\/revisions"}],"predecessor-version":[{"id":102845,"href":"https:\/\/mppee.gob.ve\/index.php?rest_route=\/wp\/v2\/posts\/102844\/revisions\/102845"}],"wp:featuredmedia":[{"embeddable":true,"href":"https:\/\/mppee.gob.ve\/index.php?rest_route=\/wp\/v2\/media\/98318"}],"wp:attachment":[{"href":"https:\/\/mppee.gob.ve\/index.php?rest_route=%2Fwp%2Fv2%2Fmedia&parent=102844"}],"wp:term":[{"taxonomy":"category","embeddable":true,"href":"https:\/\/mppee.gob.ve\/index.php?rest_route=%2Fwp%2Fv2%2Fcategories&post=102844"},{"taxonomy":"post_tag","embeddable":true,"href":"https:\/\/mppee.gob.ve\/index.php?rest_route=%2Fwp%2Fv2%2Ftags&post=102844"}],"curies":[{"name":"wp","href":"https:\/\/api.w.org\/{rel}","templated":true}]}}