{"id":102881,"date":"2025-12-12T16:30:56","date_gmt":"2025-12-12T16:30:56","guid":{"rendered":"https:\/\/mppee.gob.ve\/?p=102881"},"modified":"2025-12-12T16:31:02","modified_gmt":"2025-12-12T16:31:02","slug":"fortalecen-atencion-a-usuarios-guariquenos-con-despliegue-territorial","status":"publish","type":"post","link":"https:\/\/mppee.gob.ve\/?p=102881","title":{"rendered":"Fortalecen atenci\u00f3n a usuarios guarique\u00f1os con despliegue territorial"},"content":{"rendered":"\n<p><strong>Estado Gu\u00e1rico.- <\/strong>Este s\u00e1bado 13 de diciembre, la Corporaci\u00f3n El\u00e9ctrica Nacional (CORPOELEC) brindar\u00e1 atenci\u00f3n especializada a usuarios comerciales y residenciales del estado Gu\u00e1rico, con el prop\u00f3sito de fortalecer la cultura de pago del servicio el\u00e9ctrico.<\/p>\n\n\n\n<p>Los agentes comerciales estar\u00e1n disponibles para realizar servicios de actualizaci\u00f3n de datos, notificaci\u00f3n de deuda, pago de facturas a trav\u00e9s de puntos de venta y asesor\u00eda en tr\u00e1mites relacionados con el suministro el\u00e9ctrico.<\/p>\n\n\n\n<p>Los puntos de atenci\u00f3n al usuario estar\u00e1n habilitados entre las 8:00 de la ma\u00f1ana y la 1:00 de la tarde en las siguientes ubicaciones:<\/p>\n\n\n\n<ul class=\"wp-block-list\">\n<li><strong>Municipio Pedro Zaraza<\/strong><\/li>\n\n\n\n<li>Sector Los Pr\u00f3ceres, calle Principal, Vargas y La Escondida, parroquia Zaraza.<\/li>\n\n\n\n<li>Sector Casco Central, calles Barcelona y Troconis, parroquia Zaraza.<\/li>\n<\/ul>\n\n\n\n<ul class=\"wp-block-list\">\n<li><strong>Municipio Leonardo Infante<\/strong><\/li>\n\n\n\n<li>Urbanizaci\u00f3n Los Bolivarianos, parroquia Valle de la Pascua.<\/li>\n<\/ul>\n\n\n\n<ul class=\"wp-block-list\">\n<li><strong>Municipio Juan Jos\u00e9 Rond\u00f3n<\/strong><\/li>\n\n\n\n<li>Sector La Guardia, parroquia Las Mercedes del Llano.<\/li>\n\n\n\n<li>Urbanizaci\u00f3n Mar\u00eda Baduel, parroquia Las Mercedes del Llano.<\/li>\n<\/ul>\n\n\n\n<ul class=\"wp-block-list\">\n<li><strong>Municipio Juli\u00e1n Mellado<\/strong><\/li>\n\n\n\n<li>Calle Libertad, parroquia El Sombrero.<\/li>\n<\/ul>\n\n\n\n<p>Para m\u00e1s informaci\u00f3n sobre las Jornadas Integrales de Atenci\u00f3n al Usuario, puede consultar la cuenta\u00a0<a href=\"https:\/\/www.instagram.com\/corpoelecinfo\/\">@corpoelecinfo\u00a0<\/a>en Instagram;\u00a0<a href=\"https:\/\/www.facebook.com\/Corpoelecinfo\">Corpoelec Informa\u00a0<\/a>en Facebook o visitar la p\u00e1gina web\u00a0<a href=\"https:\/\/corpoelec.gob.ve\/\">corpoelec.gob.ve<\/a>.<\/p>\n\n\n\n<p><strong>Prensa MPPEE \u2013 CORPOELEC<\/strong><\/p>\n","protected":false},"excerpt":{"rendered":"<p>Estado Gu\u00e1rico.- Este s\u00e1bado 13 de diciembre, la Corporaci\u00f3n El\u00e9ctrica Nacional (CORPOELEC) brindar\u00e1 atenci\u00f3n especializada a usuarios comerciales y residenciales<\/p>\n","protected":false},"author":24,"featured_media":98309,"comment_status":"closed","ping_status":"closed","sticky":false,"template":"","format":"standard","meta":{"footnotes":""},"categories":[30],"tags":[2758,2691,2729],"class_list":["post-102881","post","type-post","status-publish","format-standard","has-post-thumbnail","hentry","category-regionales","tag-atencion","tag-corpoelec","tag-guarico"],"_links":{"self":[{"href":"https:\/\/mppee.gob.ve\/index.php?rest_route=\/wp\/v2\/posts\/102881","targetHints":{"allow":["GET"]}}],"collection":[{"href":"https:\/\/mppee.gob.ve\/index.php?rest_route=\/wp\/v2\/posts"}],"about":[{"href":"https:\/\/mppee.gob.ve\/index.php?rest_route=\/wp\/v2\/types\/post"}],"author":[{"embeddable":true,"href":"https:\/\/mppee.gob.ve\/index.php?rest_route=\/wp\/v2\/users\/24"}],"replies":[{"embeddable":true,"href":"https:\/\/mppee.gob.ve\/index.php?rest_route=%2Fwp%2Fv2%2Fcomments&post=102881"}],"version-history":[{"count":1,"href":"https:\/\/mppee.gob.ve\/index.php?rest_route=\/wp\/v2\/posts\/102881\/revisions"}],"predecessor-version":[{"id":102882,"href":"https:\/\/mppee.gob.ve\/index.php?rest_route=\/wp\/v2\/posts\/102881\/revisions\/102882"}],"wp:featuredmedia":[{"embeddable":true,"href":"https:\/\/mppee.gob.ve\/index.php?rest_route=\/wp\/v2\/media\/98309"}],"wp:attachment":[{"href":"https:\/\/mppee.gob.ve\/index.php?rest_route=%2Fwp%2Fv2%2Fmedia&parent=102881"}],"wp:term":[{"taxonomy":"category","embeddable":true,"href":"https:\/\/mppee.gob.ve\/index.php?rest_route=%2Fwp%2Fv2%2Fcategories&post=102881"},{"taxonomy":"post_tag","embeddable":true,"href":"https:\/\/mppee.gob.ve\/index.php?rest_route=%2Fwp%2Fv2%2Ftags&post=102881"}],"curies":[{"name":"wp","href":"https:\/\/api.w.org\/{rel}","templated":true}]}}