{"id":102886,"date":"2025-12-12T17:07:57","date_gmt":"2025-12-12T17:07:57","guid":{"rendered":"https:\/\/mppee.gob.ve\/?p=102886"},"modified":"2025-12-12T17:08:01","modified_gmt":"2025-12-12T17:08:01","slug":"jornadas-de-atencion-al-usuario-se-realizaran-en-seis-municipios-apurenos-lee-mas","status":"publish","type":"post","link":"https:\/\/mppee.gob.ve\/?p=102886","title":{"rendered":"Jornadas de Atenci\u00f3n al Usuario se realizar\u00e1n en seis municipios apure\u00f1os (+Lee m\u00e1s)"},"content":{"rendered":"\n<p><strong>Estado Apure.-<\/strong> Este s\u00e1bado 13 de diciembre, la Corporaci\u00f3n El\u00e9ctrica Nacional (CORPOELEC) desplegar\u00e1 Jornadas Integrales de Atenci\u00f3n al Usuario en seis municipios del estado Apure.<\/p>\n\n\n\n<p>El personal comercial estar\u00e1 activo desde las 9:00 de la ma\u00f1ana hasta las 2:00 de la tarde, brindando servicios de actualizaci\u00f3n de datos, pago de facturas y registro de nuevos usuarios en las siguientes ubicaciones:<\/p>\n\n\n\n<ul class=\"wp-block-list\">\n<li>Comunidad Jos\u00e9 Antonio P\u00e1ez, parroquia San Fernando, municipio San Fernando.<\/li>\n\n\n\n<li>Comunidad Santa Ana, parroquia Biruaca, municipio Biruaca.<\/li>\n\n\n\n<li>Sector El Gu\u00e1simo, parroquia Achaguas, municipio Achaguas.<\/li>\n\n\n\n<li>Avenida T\u00e1chira, parroquia Mantecal, municipio Mu\u00f1oz.<\/li>\n\n\n\n<li>Sector Colinas del Puente, parroquia Elorza, municipio R\u00f3mulo Gallegos.<\/li>\n\n\n\n<li>Urbanizaci\u00f3n T\u00e1chira, parroquia Guasdualito, municipio P\u00e1ez.<\/li>\n\n\n\n<li>Sector La Azulita, parroquia San Camilo, municipio P\u00e1ez.<\/li>\n<\/ul>\n\n\n\n<p>Para m\u00e1s informaci\u00f3n sobre las Jornadas Integrales de Atenci\u00f3n al Usuario, puede consultar la cuenta\u00a0<a href=\"https:\/\/www.instagram.com\/corpoelecinfo\/\">@corpoelecinfo\u00a0<\/a>en Instagram;\u00a0<a href=\"https:\/\/www.facebook.com\/Corpoelecinfo\">Corpoelec Informa\u00a0<\/a>en Facebook o visitar la p\u00e1gina web\u00a0<a href=\"https:\/\/corpoelec.gob.ve\/\">corpoelec.gob.ve<\/a>.<\/p>\n\n\n\n<p><strong>Prensa MPPEE \u2013 CORPOELEC<\/strong><\/p>\n","protected":false},"excerpt":{"rendered":"<p>Estado Apure.- Este s\u00e1bado 13 de diciembre, la Corporaci\u00f3n El\u00e9ctrica Nacional (CORPOELEC) desplegar\u00e1 Jornadas Integrales de Atenci\u00f3n al Usuario en<\/p>\n","protected":false},"author":24,"featured_media":98317,"comment_status":"closed","ping_status":"closed","sticky":false,"template":"","format":"standard","meta":{"footnotes":""},"categories":[30],"tags":[2722,2758,2691],"class_list":["post-102886","post","type-post","status-publish","format-standard","has-post-thumbnail","hentry","category-regionales","tag-apure","tag-atencion","tag-corpoelec"],"_links":{"self":[{"href":"https:\/\/mppee.gob.ve\/index.php?rest_route=\/wp\/v2\/posts\/102886","targetHints":{"allow":["GET"]}}],"collection":[{"href":"https:\/\/mppee.gob.ve\/index.php?rest_route=\/wp\/v2\/posts"}],"about":[{"href":"https:\/\/mppee.gob.ve\/index.php?rest_route=\/wp\/v2\/types\/post"}],"author":[{"embeddable":true,"href":"https:\/\/mppee.gob.ve\/index.php?rest_route=\/wp\/v2\/users\/24"}],"replies":[{"embeddable":true,"href":"https:\/\/mppee.gob.ve\/index.php?rest_route=%2Fwp%2Fv2%2Fcomments&post=102886"}],"version-history":[{"count":1,"href":"https:\/\/mppee.gob.ve\/index.php?rest_route=\/wp\/v2\/posts\/102886\/revisions"}],"predecessor-version":[{"id":102887,"href":"https:\/\/mppee.gob.ve\/index.php?rest_route=\/wp\/v2\/posts\/102886\/revisions\/102887"}],"wp:featuredmedia":[{"embeddable":true,"href":"https:\/\/mppee.gob.ve\/index.php?rest_route=\/wp\/v2\/media\/98317"}],"wp:attachment":[{"href":"https:\/\/mppee.gob.ve\/index.php?rest_route=%2Fwp%2Fv2%2Fmedia&parent=102886"}],"wp:term":[{"taxonomy":"category","embeddable":true,"href":"https:\/\/mppee.gob.ve\/index.php?rest_route=%2Fwp%2Fv2%2Fcategories&post=102886"},{"taxonomy":"post_tag","embeddable":true,"href":"https:\/\/mppee.gob.ve\/index.php?rest_route=%2Fwp%2Fv2%2Ftags&post=102886"}],"curies":[{"name":"wp","href":"https:\/\/api.w.org\/{rel}","templated":true}]}}