{"id":103672,"date":"2026-01-22T00:06:33","date_gmt":"2026-01-22T00:06:33","guid":{"rendered":"https:\/\/mppee.gob.ve\/?p=103672"},"modified":"2026-01-22T00:46:40","modified_gmt":"2026-01-22T00:46:40","slug":"ministro-jorge-marquez-ratificado-en-la-secretaria-del-consejo-federal-de-gobierno","status":"publish","type":"post","link":"https:\/\/mppee.gob.ve\/?p=103672","title":{"rendered":"Ministro M\u00e1rquez integra Secretar\u00eda del Consejo Federal de Gobierno 2026"},"content":{"rendered":"\n<p><strong>Palacio de Miraflores, Caracas.-<\/strong> En el per\u00edodo 2026, el ministro del Poder Popular para la Energ\u00eda El\u00e9ctrica, Jorge M\u00e1rquez, y la ministra del Poder Popular para la Salud, Nuramy Guti\u00e9rrez, integrar\u00e1n la Secretar\u00eda del Consejo Federal de Gobierno, en representaci\u00f3n de ministros y ministras del Ejecutivo Nacional.<\/p>\n\n\n\n<p>El anuncio lo realiz\u00f3 la presidenta encargada, Delcy Rodr\u00edguez, quien precis\u00f3 que, este a\u00f1o, los recursos experimentar\u00e1n un aumento del 37% para el financiamiento de proyectos en estados y municipios.<\/p>\n\n\n\n<p>Explic\u00f3 que la distribuci\u00f3n de los fondos se mantiene en 53% destinados al Poder Popular, 29% a las Gobernaciones, 15% a las Alcald\u00edas y 3% para el fortalecimiento institucional, esquema que reafirma la necesidad de impulsar la participaci\u00f3n ciudadana y fortalecer la gesti\u00f3n local.<\/p>\n\n\n\n<p>Asimismo, Rodr\u00edguez apunt\u00f3 que, en articulaci\u00f3n plena, el Consejo Federal de Gobierno y el Fondo Intergubernamental tendr\u00e1n la misi\u00f3n de corregir los desequilibrios existentes en algunas Alcald\u00edas del pa\u00eds.<\/p>\n\n\n\n<p>La Secretar\u00eda del Consejo Federal de Gobierno tambi\u00e9n estar\u00e1 integrada por los gobernadores de Guayana Esequiba, Neil Villamizar, de Carabobo, Rafael Lacava, y de Cojedes, Alberto Gal\u00edndez; y por los alcaldes de Caracas, Carmen Mel\u00e9ndez; el alcalde de Chacao, Gustavo Duque; y la alcaldesa de Barcelona, Sugey Herrera.<\/p>\n\n\n\n<p>Esta instancia tiene como prop\u00f3sito coordinar y planificar las pol\u00edticas y acciones que tributen al desarrollo del proceso de descentralizaci\u00f3n y transferencia de competencias del Ejecutivo Nacional hacia los estados, municipios, Consejos Comunales y organizaciones del Poder Popular.<\/p>\n\n\n\n<p><strong>Prensa MPPEE-CORPOELEC<\/strong><\/p>\n","protected":false},"excerpt":{"rendered":"<p>Palacio de Miraflores, Caracas.- En el per\u00edodo 2026, el ministro del Poder Popular para la Energ\u00eda El\u00e9ctrica, Jorge M\u00e1rquez, y<\/p>\n","protected":false},"author":22,"featured_media":103773,"comment_status":"closed","ping_status":"closed","sticky":false,"template":"","format":"standard","meta":{"footnotes":""},"categories":[15],"tags":[2929,11,46,327],"class_list":["post-103672","post","type-post","status-publish","format-standard","has-post-thumbnail","hentry","category-nacionales","tag-consejo-federal-de-gobierno","tag-mppee","tag-venezuela","tag-vsops"],"_links":{"self":[{"href":"https:\/\/mppee.gob.ve\/index.php?rest_route=\/wp\/v2\/posts\/103672","targetHints":{"allow":["GET"]}}],"collection":[{"href":"https:\/\/mppee.gob.ve\/index.php?rest_route=\/wp\/v2\/posts"}],"about":[{"href":"https:\/\/mppee.gob.ve\/index.php?rest_route=\/wp\/v2\/types\/post"}],"author":[{"embeddable":true,"href":"https:\/\/mppee.gob.ve\/index.php?rest_route=\/wp\/v2\/users\/22"}],"replies":[{"embeddable":true,"href":"https:\/\/mppee.gob.ve\/index.php?rest_route=%2Fwp%2Fv2%2Fcomments&post=103672"}],"version-history":[{"count":3,"href":"https:\/\/mppee.gob.ve\/index.php?rest_route=\/wp\/v2\/posts\/103672\/revisions"}],"predecessor-version":[{"id":103776,"href":"https:\/\/mppee.gob.ve\/index.php?rest_route=\/wp\/v2\/posts\/103672\/revisions\/103776"}],"wp:featuredmedia":[{"embeddable":true,"href":"https:\/\/mppee.gob.ve\/index.php?rest_route=\/wp\/v2\/media\/103773"}],"wp:attachment":[{"href":"https:\/\/mppee.gob.ve\/index.php?rest_route=%2Fwp%2Fv2%2Fmedia&parent=103672"}],"wp:term":[{"taxonomy":"category","embeddable":true,"href":"https:\/\/mppee.gob.ve\/index.php?rest_route=%2Fwp%2Fv2%2Fcategories&post=103672"},{"taxonomy":"post_tag","embeddable":true,"href":"https:\/\/mppee.gob.ve\/index.php?rest_route=%2Fwp%2Fv2%2Ftags&post=103672"}],"curies":[{"name":"wp","href":"https:\/\/api.w.org\/{rel}","templated":true}]}}