{"id":103732,"date":"2026-01-21T16:16:52","date_gmt":"2026-01-21T16:16:52","guid":{"rendered":"https:\/\/mppee.gob.ve\/?p=103732"},"modified":"2026-01-21T16:17:24","modified_gmt":"2026-01-21T16:17:24","slug":"fortalecen-participacion-de-mesas-tecnicas-de-energia-en-comunidades-amazonenses","status":"publish","type":"post","link":"https:\/\/mppee.gob.ve\/?p=103732","title":{"rendered":"Fortalecen participaci\u00f3n de Mesas T\u00e9cnicas de Energ\u00eda en comunidades amazonenses"},"content":{"rendered":"\n<p><strong>Estado Amazonas.- <\/strong>En un esfuerzo continuo por consolidar la gesti\u00f3n participativa y protag\u00f3nica, la Corporaci\u00f3n El\u00e9ctrica Nacional (CORPOELEC) y la Fundaci\u00f3n para el Desarrollo del Servicio El\u00e9ctrico (Fundelec) ejecutaron con \u00e9xito la actualizaci\u00f3n de vocer\u00edas de las Mesas T\u00e9cnicas de Energ\u00eda (MTE) en el municipio Atures del estado Amazonas.<\/p>\n\n\n\n<p>La jornada se desarroll\u00f3 en los consejos comunales Al\u00ed Primera y Alto Carinagua, integrantes de las comunas Cuartel de la Monta\u00f1a y Pensamientos de Ch\u00e1vez, respectivamente, ubicadas en la parroquia Platanillal.<\/p>\n\n\n\n<p>La actualizaci\u00f3n de voceros y voceras busca garantizar la optimizaci\u00f3n del Sistema El\u00e9ctrico Nacional (SEN) a trav\u00e9s de la organizaci\u00f3n comunal, estableciendo canales directos de comunicaci\u00f3n para el diagn\u00f3stico, el mantenimiento preventivo y el reporte temprano de eventualidades en la red el\u00e9ctrica local.<\/p>\n\n\n\n<p>Esta renovaci\u00f3n de estructuras de participaci\u00f3n beneficia directamente a m\u00e1s de 1.580 habitantes de la zona. Con esta nueva organizaci\u00f3n, las comunas podr\u00e1n coordinar planes de control de vegetaci\u00f3n, mantenimiento de redes de distribuci\u00f3n y alumbrado p\u00fablico, adem\u00e1s de promover campa\u00f1as de uso racional y eficiente de la energ\u00eda en los hogares.<\/p>\n\n\n\n<p>El sector el\u00e9ctrico reafirma su compromiso de asegurar la estabilidad y soberan\u00eda energ\u00e9tica, trabajando en conjunto con el pueblo organizado, en cumplimiento de las directrices del Gobierno Nacional de gobernar junto a las comunidades.<\/p>\n\n\n\n<p><strong>Prensa MPPEE-CORPOELEC<\/strong><\/p>\n","protected":false},"excerpt":{"rendered":"<p>Estado Amazonas.- En un esfuerzo continuo por consolidar la gesti\u00f3n participativa y protag\u00f3nica, la Corporaci\u00f3n El\u00e9ctrica Nacional (CORPOELEC) y la<\/p>\n","protected":false},"author":24,"featured_media":103738,"comment_status":"closed","ping_status":"closed","sticky":false,"template":"","format":"standard","meta":{"footnotes":""},"categories":[30],"tags":[2740,2691,2914,2825],"class_list":["post-103732","post","type-post","status-publish","format-standard","has-post-thumbnail","hentry","category-regionales","tag-amazonas","tag-corpoelec","tag-fundelec","tag-mesas-tecnicas-de-energia"],"_links":{"self":[{"href":"https:\/\/mppee.gob.ve\/index.php?rest_route=\/wp\/v2\/posts\/103732","targetHints":{"allow":["GET"]}}],"collection":[{"href":"https:\/\/mppee.gob.ve\/index.php?rest_route=\/wp\/v2\/posts"}],"about":[{"href":"https:\/\/mppee.gob.ve\/index.php?rest_route=\/wp\/v2\/types\/post"}],"author":[{"embeddable":true,"href":"https:\/\/mppee.gob.ve\/index.php?rest_route=\/wp\/v2\/users\/24"}],"replies":[{"embeddable":true,"href":"https:\/\/mppee.gob.ve\/index.php?rest_route=%2Fwp%2Fv2%2Fcomments&post=103732"}],"version-history":[{"count":1,"href":"https:\/\/mppee.gob.ve\/index.php?rest_route=\/wp\/v2\/posts\/103732\/revisions"}],"predecessor-version":[{"id":103739,"href":"https:\/\/mppee.gob.ve\/index.php?rest_route=\/wp\/v2\/posts\/103732\/revisions\/103739"}],"wp:featuredmedia":[{"embeddable":true,"href":"https:\/\/mppee.gob.ve\/index.php?rest_route=\/wp\/v2\/media\/103738"}],"wp:attachment":[{"href":"https:\/\/mppee.gob.ve\/index.php?rest_route=%2Fwp%2Fv2%2Fmedia&parent=103732"}],"wp:term":[{"taxonomy":"category","embeddable":true,"href":"https:\/\/mppee.gob.ve\/index.php?rest_route=%2Fwp%2Fv2%2Fcategories&post=103732"},{"taxonomy":"post_tag","embeddable":true,"href":"https:\/\/mppee.gob.ve\/index.php?rest_route=%2Fwp%2Fv2%2Ftags&post=103732"}],"curies":[{"name":"wp","href":"https:\/\/api.w.org\/{rel}","templated":true}]}}