{"id":103751,"date":"2026-01-21T18:09:12","date_gmt":"2026-01-21T18:09:12","guid":{"rendered":"https:\/\/mppee.gob.ve\/?p=103751"},"modified":"2026-01-21T18:09:33","modified_gmt":"2026-01-21T18:09:33","slug":"corpoelec-realizara-jornadas-de-atencion-en-comunidades-y-comercios-de-anzoategui","status":"publish","type":"post","link":"https:\/\/mppee.gob.ve\/?p=103751","title":{"rendered":"CORPOELEC realizar\u00e1 jornadas de atenci\u00f3n en comunidades y comercios de Anzo\u00e1tegui"},"content":{"rendered":"\n<p><strong>Estado Anzo\u00e1tegui-<\/strong>. La Corporaci\u00f3n El\u00e9ctrica Nacional (CORPOELEC) realizar\u00e1 la Jornada Integral de Atenci\u00f3n al Usuario los d\u00edas jueves 22, viernes 23 y s\u00e1bado 24 de enero, en diversas comunidades y comercios del estado Anzo\u00e1tegui.<\/p>\n\n\n\n<p>En el despliegue territorial, los agentes de CORPOELEC pondr\u00e1n a disposici\u00f3n de los usuarios que pagar\u00e1n su factura del servicio el\u00e9ctrico el punto de venta autorizado, as\u00ed como asesor\u00eda sobre las plataformas de pago para gestionar transacciones, registrar requerimientos o solicitar saldos pendientes.<\/p>\n\n\n\n<p>Las jornadas iniciar\u00e1n desde las 08:00 de la ma\u00f1ana hasta las 02:00 de la tarde. Los municipios y sectores donde estar\u00e1n ubicados los equipos de trabajo de CORPOELEC los encuentra en la siguiente lista:&nbsp;<\/p>\n\n\n\n<p>Jueves 22 de enero:<\/p>\n\n\n\n<p>Municipios:<\/p>\n\n\n\n<p>&#8211; Sim\u00f3n Bol\u00edvar: Residencias Laguna Mar y Casa Real II; en el \u00e1mbito comercial se visitar\u00e1n las avenidas principales de Boyac\u00e1 III-IV-V y Mesones en Barcelona&nbsp;<\/p>\n\n\n\n<p>&#8211; Diego Bautista Urbaneja: Residencias Bunganvillas; en el \u00e1mbito comercial se visitar\u00e1 la calle Arismendi de Lecher\u00eda<\/p>\n\n\n\n<p>&#8211; Juan Antonio Sotillo: Residencias El Paseo; en el \u00e1mbito comercial se visitar\u00e1 la Calle Freites del Casco Central de Puerto La Cruz.<\/p>\n\n\n\n<p>&#8211; Sim\u00f3n Rodr\u00edguez: Urbanizaci\u00f3n Villas Garban; en el \u00e1mbito comercial se visitar\u00e1 la Avenida Libertador de El Tigre.&nbsp;<\/p>\n\n\n\n<p>&#8211; San Jos\u00e9 de Guanipa: Urbanizaci\u00f3n Los Lagartos; en el \u00e1mbito comercial se visitar\u00e1 los Centros Comerciales Malaver I-II en Guanipa.<\/p>\n\n\n\n<p>&#8211; Anaco: Residencias El Bosque; en el \u00e1mbito comercial se visitar\u00e1n la avenida Jos\u00e9 Antonio Anzo\u00e1tegui y las Calles: 24 de Julio, 12 de Octubre y 17 de Diciembre en Anaco.<\/p>\n\n\n\n<p>&#8211; Pedro Mar\u00eda Freites: Calle Freites; en el \u00e1mbito comercial se visitar\u00e1 la avenida Bol\u00edvar de Cantaura.<\/p>\n\n\n\n<p>&#8211; Aragua: Calle Juncal tanto para usuarios residenciales como comerciales de Aragua de Barcelona&nbsp;&nbsp;<\/p>\n\n\n\n<p>&#8211; Manuel Ezequiel Bruzual: Avenida Fern\u00e1ndez Padilla solo establecimientos comerciales&nbsp;<\/p>\n\n\n\n<p>&#8211; Francisco de Miranda: Calle Miranda de Villa Clara solo para establecimientos Comerciales&nbsp;&nbsp;<\/p>\n\n\n\n<p>&#8211; Fernando de Pe\u00f1alver: Calle Anzo\u00e1tegui; en el \u00e1mbito comercial se visitar\u00e1 la Calle Cruz de Puerto P\u00edritu<\/p>\n\n\n\n<p>Viernes 23 de enero:<\/p>\n\n\n\n<p>Municipios:<\/p>\n\n\n\n<p>&#8211; Sim\u00f3n Bol\u00edvar: Residencias Trinitaria I y Romana Suite; en el \u00e1mbito comercial se visitar\u00e1n las avenidas R\u00edo, Fuerzas Armadas y Cumanagoto en Barcelona&nbsp;<\/p>\n\n\n\n<p>&#8211; Diego Bautista Urbaneja: Residencias Las Palmeras A-B-C; en el \u00e1mbito comercial se visitar\u00e1 la Avenida Jorge Rodr\u00edguez en sector Las Garzas<\/p>\n\n\n\n<p>&#8211; Juan Antonio Sotillo: Edificio Roma; en el \u00e1mbito comercial se visitar\u00e1 la Calle Democracia del Casco Central de Puerto La Cruz.<\/p>\n\n\n\n<p>&#8211; Sim\u00f3n Rodr\u00edguez: Urbanizaci\u00f3n Villas Garban; en el \u00e1mbito comercial se visitar\u00e1 la Avenida Espa\u00f1a de El Tigre.&nbsp;<\/p>\n\n\n\n<p>&#8211; San Jos\u00e9 de Guanipa: Urbanizaci\u00f3n Los Geranio; en el \u00e1mbito comercial se visitar\u00e1 la Avenida Fern\u00e1ndez Padilla en Guanipa.<\/p>\n\n\n\n<p>&#8211; Anaco: Residencias: Calles Lara, Comercio, Industrias, Nueva Esparta y Carretera Negra todas en el \u00e1mbito comercial<\/p>\n\n\n\n<p>&#8211; Pedro Mar\u00eda Freites: Calle Freites; en el \u00e1mbito comercial se visitar\u00e1 la avenida Bol\u00edvar de Cantaura.<\/p>\n\n\n\n<p>&#8211; Aragua: Calle Sucre tanto para usuarios residenciales como comerciales de Aragua de Barcelona&nbsp;&nbsp;<\/p>\n\n\n\n<p>&#8211; Manuel Ezequiel Bruzual: Avenida Fern\u00e1ndez Padilla solo establecimientos comerciales&nbsp;<\/p>\n\n\n\n<p>&#8211; Francisco de Miranda: Calle Miranda de Villa Clara solo para establecimientos Comerciales&nbsp;&nbsp;<\/p>\n\n\n\n<p>&#8211; Fernando de Pe\u00f1alver: Avenida Principal del Tejar de Puerto P\u00edritu solo en el \u00e1mbito comercial<\/p>\n\n\n\n<p>S\u00e1bado 24 de enero:<\/p>\n\n\n\n<p>Solo establecimientos Comerciales<\/p>\n\n\n\n<p>Municipios:<\/p>\n\n\n\n<p>&#8211; Sim\u00f3n Bol\u00edvar: Avenida Caracas y sector Barrio Sucre en Barcelona&nbsp;<\/p>\n\n\n\n<p>&#8211; Diego Bautista Urbaneja: Avenida Principal de Lecher\u00eda<\/p>\n\n\n\n<p>&#8211; Juan Antonio Sotillo: Calle Carabobo del Casco Central de Puerto La Cruz.<\/p>\n\n\n\n<p>&#8211; Sim\u00f3n Rodr\u00edguez: Avenida Francisco de Miranda de El Tigre.&nbsp;<\/p>\n\n\n\n<p>&#8211; San Jos\u00e9 de Guanipa: Calles Venezuela y Zea en Guanipa.<\/p>\n\n\n\n<p>&#8211; Anaco: Residencias: Avenidas Jos\u00e9 Antonio Anzo\u00e1tegui y Francisco de Miranda, adem\u00e1s en las Calles El Liceo, Col\u00f3n y Caballero Sarmiento<\/p>\n\n\n\n<p>Para mayor informaci\u00f3n sobre las Jornadas Integrales de Atenci\u00f3n al Usuario, puede consultar en el portal web www.corpoelec.gob.ve y en las redes sociales @corpoelecinfo en Instagram y Corpoelec Informa en Facebook.<\/p>\n\n\n\n<p><strong>Prensa MPPEE-CORPOELEC<\/strong><\/p>\n\n\n\n<p><\/p>\n","protected":false},"excerpt":{"rendered":"<p>Estado Anzo\u00e1tegui-. La Corporaci\u00f3n El\u00e9ctrica Nacional (CORPOELEC) realizar\u00e1 la Jornada Integral de Atenci\u00f3n al Usuario los d\u00edas jueves 22, viernes<\/p>\n","protected":false},"author":24,"featured_media":103680,"comment_status":"closed","ping_status":"closed","sticky":false,"template":"","format":"standard","meta":{"footnotes":""},"categories":[30,7,8],"tags":[2706,2691,11,2744,46],"class_list":["post-103751","post","type-post","status-publish","format-standard","has-post-thumbnail","hentry","category-regionales","category-sen","category-uso-eficiente-de-la-energia","tag-anzoategui","tag-corpoelec","tag-mppee","tag-sen","tag-venezuela"],"_links":{"self":[{"href":"https:\/\/mppee.gob.ve\/index.php?rest_route=\/wp\/v2\/posts\/103751","targetHints":{"allow":["GET"]}}],"collection":[{"href":"https:\/\/mppee.gob.ve\/index.php?rest_route=\/wp\/v2\/posts"}],"about":[{"href":"https:\/\/mppee.gob.ve\/index.php?rest_route=\/wp\/v2\/types\/post"}],"author":[{"embeddable":true,"href":"https:\/\/mppee.gob.ve\/index.php?rest_route=\/wp\/v2\/users\/24"}],"replies":[{"embeddable":true,"href":"https:\/\/mppee.gob.ve\/index.php?rest_route=%2Fwp%2Fv2%2Fcomments&post=103751"}],"version-history":[{"count":1,"href":"https:\/\/mppee.gob.ve\/index.php?rest_route=\/wp\/v2\/posts\/103751\/revisions"}],"predecessor-version":[{"id":103752,"href":"https:\/\/mppee.gob.ve\/index.php?rest_route=\/wp\/v2\/posts\/103751\/revisions\/103752"}],"wp:featuredmedia":[{"embeddable":true,"href":"https:\/\/mppee.gob.ve\/index.php?rest_route=\/wp\/v2\/media\/103680"}],"wp:attachment":[{"href":"https:\/\/mppee.gob.ve\/index.php?rest_route=%2Fwp%2Fv2%2Fmedia&parent=103751"}],"wp:term":[{"taxonomy":"category","embeddable":true,"href":"https:\/\/mppee.gob.ve\/index.php?rest_route=%2Fwp%2Fv2%2Fcategories&post=103751"},{"taxonomy":"post_tag","embeddable":true,"href":"https:\/\/mppee.gob.ve\/index.php?rest_route=%2Fwp%2Fv2%2Ftags&post=103751"}],"curies":[{"name":"wp","href":"https:\/\/api.w.org\/{rel}","templated":true}]}}