{"id":103753,"date":"2026-01-21T18:25:46","date_gmt":"2026-01-21T18:25:46","guid":{"rendered":"https:\/\/mppee.gob.ve\/?p=103753"},"modified":"2026-01-24T15:25:45","modified_gmt":"2026-01-24T15:25:45","slug":"usuarios-del-tachira-recibiran-atencion-con-jornadas-integrales-de-corpoelec","status":"publish","type":"post","link":"https:\/\/mppee.gob.ve\/?p=103753","title":{"rendered":"Usuarios del T\u00e1chira recibir\u00e1n atenci\u00f3n con Jornadas Integrales de CORPOELEC"},"content":{"rendered":"\n<p>Estado T\u00e1chira.- Trabajadores de la Corporaci\u00f3n El\u00e9ctrica Nacional (CORPOELEC), se desplegar\u00e1n los d\u00edas jueves 22 y viernes 23 de enero, en 16 municipios del estado T\u00e1chira, para brindar atenci\u00f3n personalizada a los usuarios residenciales y comerciales en la entidad.<\/p>\n\n\n\n<p>Cada Jornada de Atenci\u00f3n Integral al Usuario, ofrecer\u00e1 espacios para el pago de factura por el servicio de electricidad, con la disposici\u00f3n de puntos de venta, informaci\u00f3n sobre las diversas plataformas de pago en la banca p\u00fablica y privada, y gestiones como actualizaci\u00f3n de datos, reclamos y solicitudes.<\/p>\n\n\n\n<p>El personal de CORPOELEC, atender\u00e1 en el horario comprendido de las 08:00 de la ma\u00f1ana hasta las 04:00 de la tarde en los siguientes municipios:<\/p>\n\n\n\n<p>Jueves 22 de enero:<\/p>\n\n\n\n<p>&#8211; Garc\u00eda de Hevia: casco central de La Fr\u00eda.<\/p>\n\n\n\n<p>&#8211; C\u00f3rdoba: Casco central de Santa Ana.<\/p>\n\n\n\n<p>&#8211; Bol\u00edvar: Casco central de San Antonio.<\/p>\n\n\n\n<p>&#8211; Pedro Mar\u00eda Ure\u00f1a: Casco central de Ure\u00f1a.<\/p>\n\n\n\n<p>&#8211; Fern\u00e1ndez Feo: Casco central de EL Pi\u00f1al.<\/p>\n\n\n\n<p>&#8211; J\u00e1uregui: Casco central de La Grita.<\/p>\n\n\n\n<p>&#8211; Libertador: Casco central de Abejales.<\/p>\n\n\n\n<p>&#8211; Ayacucho: Casco central de Col\u00f3n.\u00a0\u00a0<\/p>\n\n\n\n<p>&#8211; San Crist\u00f3bal:\u00a0Parroquias San Juan Bautista y La Concordia.<\/p>\n\n\n\n<p>&#8211; Panamericano: Sector La Palmita de Coloncito.<\/p>\n\n\n\n<p>&#8211; Independencia: Casco central Capacho Nuevo.<\/p>\n\n\n\n<p>&#8211; Rafael Urdaneta: Casco central de Delicias.<\/p>\n\n\n\n<p>&#8211; Jun\u00edn: Casco central de Rubio.<\/p>\n\n\n\n<p>&#8211; C\u00e1rdenas: Casco central de T\u00e1riba.<\/p>\n\n\n\n<p>Viernes 23 de enero:<\/p>\n\n\n\n<p>&#8211; Garc\u00eda de Hevia: Casco central de La Fr\u00eda.<\/p>\n\n\n\n<p>&#8211; C\u00f3rdoba: Casco central de Santa Ana.<\/p>\n\n\n\n<p>&#8211; Bol\u00edvar: Casco central de San Antonio.<\/p>\n\n\n\n<p>&#8211; Pedro Mar\u00eda Ure\u00f1a: Casco central de Ure\u00f1a.<\/p>\n\n\n\n<p>&#8211; Fern\u00e1ndez Feo:\u00a0 Sector Los Jabillos<\/p>\n\n\n\n<p>&#8211; J\u00e1uregui: Casco central de La Grita<\/p>\n\n\n\n<p>&#8211; Sucre: Casco central de Queniquea.<\/p>\n\n\n\n<p>&#8211; Ayacucho: Casco central de Col\u00f3n.\u00a0\u00a0\u00a0<\/p>\n\n\n\n<p>&#8211; Libertador: Casco central de Abejales.<\/p>\n\n\n\n<p>&#8211; San Crist\u00f3bal:\u00a0Parroquias: San Juan Bautista, La Concordia, Pedro Mar\u00eda Morantes de San Crist\u00f3bal.<\/p>\n\n\n\n<p>&#8211; Panamericano: Casco central de Coloncito.<\/p>\n\n\n\n<p>&#8211; Independencia: Casco central Capacho Nuevo.<\/p>\n\n\n\n<p>&#8211; Rafael Urdaneta: Casco central de Delicias.<\/p>\n\n\n\n<p>&#8211; Jun\u00edn: Casco central de Rubio.<\/p>\n\n\n\n<p>&#8211; C\u00e1rdenas: Casco central de T\u00e1riba.\u00a0\u00a0\u00a0\u00a0\u00a0\u00a0\u00a0\u00a0\u00a0\u00a0\u00a0\u00a0\u00a0\u00a0\u00a0<\/p>\n\n\n\n<p>Para mayor informaci\u00f3n sobre las Jornadas Integrales de Atenci\u00f3n al Usuario, puede consultar en el portal web www.corpoelec.gob.ve y en las redes sociales @corpoelecinfo en Instagram y Corpoelec Informa en Facebook.<\/p>\n\n\n\n<p>Prensa MPPEE-CORPOELEC<\/p>\n","protected":false},"excerpt":{"rendered":"<p>Estado T\u00e1chira.- Trabajadores de la Corporaci\u00f3n El\u00e9ctrica Nacional (CORPOELEC), se desplegar\u00e1n los d\u00edas jueves 22 y viernes 23 de enero,<\/p>\n","protected":false},"author":24,"featured_media":98309,"comment_status":"closed","ping_status":"closed","sticky":false,"template":"","format":"standard","meta":{"footnotes":""},"categories":[30],"tags":[2691,11,2744,2700,46],"class_list":["post-103753","post","type-post","status-publish","format-standard","has-post-thumbnail","hentry","category-regionales","tag-corpoelec","tag-mppee","tag-sen","tag-tachira","tag-venezuela"],"_links":{"self":[{"href":"https:\/\/mppee.gob.ve\/index.php?rest_route=\/wp\/v2\/posts\/103753","targetHints":{"allow":["GET"]}}],"collection":[{"href":"https:\/\/mppee.gob.ve\/index.php?rest_route=\/wp\/v2\/posts"}],"about":[{"href":"https:\/\/mppee.gob.ve\/index.php?rest_route=\/wp\/v2\/types\/post"}],"author":[{"embeddable":true,"href":"https:\/\/mppee.gob.ve\/index.php?rest_route=\/wp\/v2\/users\/24"}],"replies":[{"embeddable":true,"href":"https:\/\/mppee.gob.ve\/index.php?rest_route=%2Fwp%2Fv2%2Fcomments&post=103753"}],"version-history":[{"count":1,"href":"https:\/\/mppee.gob.ve\/index.php?rest_route=\/wp\/v2\/posts\/103753\/revisions"}],"predecessor-version":[{"id":103754,"href":"https:\/\/mppee.gob.ve\/index.php?rest_route=\/wp\/v2\/posts\/103753\/revisions\/103754"}],"wp:featuredmedia":[{"embeddable":true,"href":"https:\/\/mppee.gob.ve\/index.php?rest_route=\/wp\/v2\/media\/98309"}],"wp:attachment":[{"href":"https:\/\/mppee.gob.ve\/index.php?rest_route=%2Fwp%2Fv2%2Fmedia&parent=103753"}],"wp:term":[{"taxonomy":"category","embeddable":true,"href":"https:\/\/mppee.gob.ve\/index.php?rest_route=%2Fwp%2Fv2%2Fcategories&post=103753"},{"taxonomy":"post_tag","embeddable":true,"href":"https:\/\/mppee.gob.ve\/index.php?rest_route=%2Fwp%2Fv2%2Ftags&post=103753"}],"curies":[{"name":"wp","href":"https:\/\/api.w.org\/{rel}","templated":true}]}}