{"id":103784,"date":"2026-01-22T15:02:54","date_gmt":"2026-01-22T15:02:54","guid":{"rendered":"https:\/\/mppee.gob.ve\/?p=103784"},"modified":"2026-01-22T15:03:15","modified_gmt":"2026-01-22T15:03:15","slug":"afianzan-atencion-al-usuario-con-la-reapertura-del-ciau-valle-seco-en-puerto-cabello","status":"publish","type":"post","link":"https:\/\/mppee.gob.ve\/?p=103784","title":{"rendered":"Afianzan atenci\u00f3n al usuario con la reapertura del CIAU Valle Seco en Puerto Cabello"},"content":{"rendered":"\n<p><strong>Estado Carabobo.-<\/strong> La Corporaci\u00f3n El\u00e9ctrica Nacional (CORPOELEC) fortalece la atenci\u00f3n en el eje costero del estado Carabobo con la reapertura del Centro Integral de Atenci\u00f3n al Usuario (CIAU) Valle Seco, ubicado en Puerto Cabello.<\/p>\n\n\n\n<p>Este espacio atiende un promedio de 150 usuarios diarios, cifra que contin\u00faa en ascenso gracias a la corresponsabilidad arraigada en los usuarios carabobe\u00f1os. El centro ahora brinda una atenci\u00f3n integral que incluye la orientaci\u00f3n y gesti\u00f3n de tr\u00e1mites esenciales, tales como la consulta de saldo, el pago de facturas, la formalizaci\u00f3n de contratos nuevos, los cambios de titularidad y la gesti\u00f3n de requerimientos t\u00e9cnicos.<\/p>\n\n\n\n<p>Esta ampliaci\u00f3n est\u00e1 dirigida a facilitar el acceso a los servicios el\u00e9ctricos tanto para usuarios residenciales como comerciales, consolidando al CIAU como un punto de contacto estrat\u00e9gico, moderno y eficiente.<\/p>\n\n\n\n<p>La efectividad en el servicio genera satisfacci\u00f3n entre la poblaci\u00f3n, como lo expresa Luis Alberto Cabrera Petit, quien agradece la oportuna respuesta a sus solicitudes.<\/p>\n\n\n\n<p>Asimismo, Luis Ortega destaca la calidad de la atenci\u00f3n recibida, destacando el ambiente c\u00e1lido y el trato respetuoso, aspectos que han sido constantes durante sus visitas para la cancelaci\u00f3n del servicio el\u00e9ctrico.<\/p>\n\n\n\n<p>CORPOELEC reafirma su inquebrantable compromiso con el bienestar del pueblo venezolano y la continuidad de un servicio el\u00e9ctrico de calidad.<\/p>\n\n\n\n<p><strong>Prensa MPPEE-CORPOELEC<\/strong><\/p>\n\n\n\n<p><\/p>\n","protected":false},"excerpt":{"rendered":"<p>Estado Carabobo.- La Corporaci\u00f3n El\u00e9ctrica Nacional (CORPOELEC) fortalece la atenci\u00f3n en el eje costero del estado Carabobo con la reapertura<\/p>\n","protected":false},"author":24,"featured_media":103785,"comment_status":"closed","ping_status":"closed","sticky":false,"template":"","format":"standard","meta":{"footnotes":""},"categories":[30],"tags":[2768,3080,2769,3522],"class_list":["post-103784","post","type-post","status-publish","format-standard","has-post-thumbnail","hentry","category-regionales","tag-ciau","tag-puerto-cabello","tag-usuario","tag-valle-seco"],"_links":{"self":[{"href":"https:\/\/mppee.gob.ve\/index.php?rest_route=\/wp\/v2\/posts\/103784","targetHints":{"allow":["GET"]}}],"collection":[{"href":"https:\/\/mppee.gob.ve\/index.php?rest_route=\/wp\/v2\/posts"}],"about":[{"href":"https:\/\/mppee.gob.ve\/index.php?rest_route=\/wp\/v2\/types\/post"}],"author":[{"embeddable":true,"href":"https:\/\/mppee.gob.ve\/index.php?rest_route=\/wp\/v2\/users\/24"}],"replies":[{"embeddable":true,"href":"https:\/\/mppee.gob.ve\/index.php?rest_route=%2Fwp%2Fv2%2Fcomments&post=103784"}],"version-history":[{"count":1,"href":"https:\/\/mppee.gob.ve\/index.php?rest_route=\/wp\/v2\/posts\/103784\/revisions"}],"predecessor-version":[{"id":103786,"href":"https:\/\/mppee.gob.ve\/index.php?rest_route=\/wp\/v2\/posts\/103784\/revisions\/103786"}],"wp:featuredmedia":[{"embeddable":true,"href":"https:\/\/mppee.gob.ve\/index.php?rest_route=\/wp\/v2\/media\/103785"}],"wp:attachment":[{"href":"https:\/\/mppee.gob.ve\/index.php?rest_route=%2Fwp%2Fv2%2Fmedia&parent=103784"}],"wp:term":[{"taxonomy":"category","embeddable":true,"href":"https:\/\/mppee.gob.ve\/index.php?rest_route=%2Fwp%2Fv2%2Fcategories&post=103784"},{"taxonomy":"post_tag","embeddable":true,"href":"https:\/\/mppee.gob.ve\/index.php?rest_route=%2Fwp%2Fv2%2Ftags&post=103784"}],"curies":[{"name":"wp","href":"https:\/\/api.w.org\/{rel}","templated":true}]}}