{"id":103807,"date":"2026-01-23T19:02:25","date_gmt":"2026-01-23T19:02:25","guid":{"rendered":"https:\/\/mppee.gob.ve\/?p=103807"},"modified":"2026-01-23T19:02:43","modified_gmt":"2026-01-23T19:02:43","slug":"realizan-recorrido-tecnico-para-avanzar-en-labores-de-rehabilitacion-tras-fuertes-lluvias-en-merida","status":"publish","type":"post","link":"https:\/\/mppee.gob.ve\/?p=103807","title":{"rendered":"Realizan recorrido t\u00e9cnico para avanzar en labores de rehabilitaci\u00f3n tras fuertes lluvias en M\u00e9rida"},"content":{"rendered":"\n<p><strong>Estado M\u00e9rida.-<\/strong> Con el prop\u00f3sito de avanzar en acciones y atender a la poblaci\u00f3n meride\u00f1a afectada por las fuertes lluvias, autoridades de la Vicepresidencia Sectorial de Obras P\u00fablicas y Servicios (VSOPS), realizaron un recorrido t\u00e9cnico en esta regi\u00f3n andina.<\/p>\n\n\n\n<p> La comisi\u00f3n gubernamental, liderada por el vicepresidente sectorial de Obras P\u00fablicas y Servicios, Jorge M\u00e1rquez, se traslad\u00f3 junto a un equipo multidisciplinario a la carretera Trasandina, municipio Rangel, para supervisar el avance de las obras de ingenier\u00eda en el eje carretero M\u00e9rida\u2013Mucuch\u00edes. <\/p>\n\n\n\n<p>Acompa\u00f1ado por el gobernador de M\u00e9rida, Arnaldo S\u00e1nchez, el ministro del Poder Popular para Obras P\u00fablicas y Servicios, Juan Ram\u00edrez y el ministro del Poder Popular para el Transporte, An\u00edbal Coronado, se hizo un recorrido por todo el sector. <\/p>\n\n\n\n<p>Asimismo, fueron inspeccionadas las labores de construcci\u00f3n de viviendas que se ejecutan este tramo de la entidad. Tras la evaluaci\u00f3n, <\/p>\n\n\n\n<p>El Gobierno nacional activ\u00f3 un plan de respuesta inmediata para la mitigaci\u00f3n de riesgos en las zonas afectadas. <\/p>\n\n\n\n<p><strong>Prensa MPPEE-CORPOELEC<\/strong><\/p>\n","protected":false},"excerpt":{"rendered":"<p>Estado M\u00e9rida.- Con el prop\u00f3sito de avanzar en acciones y atender a la poblaci\u00f3n meride\u00f1a afectada por las fuertes lluvias,<\/p>\n","protected":false},"author":22,"featured_media":103808,"comment_status":"closed","ping_status":"closed","sticky":false,"template":"","format":"standard","meta":{"footnotes":""},"categories":[30],"tags":[3564,2742,46,327],"class_list":["post-103807","post","type-post","status-publish","format-standard","has-post-thumbnail","hentry","category-regionales","tag-atencion-por-las-lluvias","tag-merida","tag-venezuela","tag-vsops"],"_links":{"self":[{"href":"https:\/\/mppee.gob.ve\/index.php?rest_route=\/wp\/v2\/posts\/103807","targetHints":{"allow":["GET"]}}],"collection":[{"href":"https:\/\/mppee.gob.ve\/index.php?rest_route=\/wp\/v2\/posts"}],"about":[{"href":"https:\/\/mppee.gob.ve\/index.php?rest_route=\/wp\/v2\/types\/post"}],"author":[{"embeddable":true,"href":"https:\/\/mppee.gob.ve\/index.php?rest_route=\/wp\/v2\/users\/22"}],"replies":[{"embeddable":true,"href":"https:\/\/mppee.gob.ve\/index.php?rest_route=%2Fwp%2Fv2%2Fcomments&post=103807"}],"version-history":[{"count":1,"href":"https:\/\/mppee.gob.ve\/index.php?rest_route=\/wp\/v2\/posts\/103807\/revisions"}],"predecessor-version":[{"id":103809,"href":"https:\/\/mppee.gob.ve\/index.php?rest_route=\/wp\/v2\/posts\/103807\/revisions\/103809"}],"wp:featuredmedia":[{"embeddable":true,"href":"https:\/\/mppee.gob.ve\/index.php?rest_route=\/wp\/v2\/media\/103808"}],"wp:attachment":[{"href":"https:\/\/mppee.gob.ve\/index.php?rest_route=%2Fwp%2Fv2%2Fmedia&parent=103807"}],"wp:term":[{"taxonomy":"category","embeddable":true,"href":"https:\/\/mppee.gob.ve\/index.php?rest_route=%2Fwp%2Fv2%2Fcategories&post=103807"},{"taxonomy":"post_tag","embeddable":true,"href":"https:\/\/mppee.gob.ve\/index.php?rest_route=%2Fwp%2Fv2%2Ftags&post=103807"}],"curies":[{"name":"wp","href":"https:\/\/api.w.org\/{rel}","templated":true}]}}