{"id":103813,"date":"2026-01-24T13:31:18","date_gmt":"2026-01-24T13:31:18","guid":{"rendered":"https:\/\/mppee.gob.ve\/?p=103813"},"modified":"2026-01-24T13:31:36","modified_gmt":"2026-01-24T13:31:36","slug":"comite-tecnico-de-corpoelec-fortalece-gestion-para-optimizar-el-servicio-electrico","status":"publish","type":"post","link":"https:\/\/mppee.gob.ve\/?p=103813","title":{"rendered":"Comit\u00e9 T\u00e9cnico de CORPOELEC fortalece gesti\u00f3n para optimizar el servicio el\u00e9ctrico"},"content":{"rendered":"\n<p><strong>San Bernardino, Caracas.- <\/strong>Desde San Bernardino, en Caracas, sesiona este s\u00e1bado el Comit\u00e9 T\u00e9cnico de An\u00e1lisis y Toma de Decisiones de la Corporaci\u00f3n El\u00e9ctrica Nacional (CORPOELEC), liderado por el ministro del Poder Popular para la Energ\u00eda El\u00e9ctrica, Jorge M\u00e1rquez, con el objetivo de evaluar la ejecuci\u00f3n de proyectos estrat\u00e9gicos trazados para el primer trimestre de 2026.<\/p>\n\n\n\n<p>La reuni\u00f3n convoca a expertos de las \u00e1reas de generaci\u00f3n, distribuci\u00f3n y transmisi\u00f3n, as\u00ed como gerentes territoriales,&nbsp; viceministros, directores generales para reforzar mecanismos de acci\u00f3n que permitan responder de manera oportuna a las demandas<\/p>\n\n\n\n<p>Asimismo, pasa revista a los alcances de las labores preventivas y correctivas, considerando su aporte para la consolidaci\u00f3n del Sistema El\u00e9ctrico Nacional (SEN) como el registrado recientemente en la L\u00ednea 1 Tablazo-Cuatricentenario, donde se realiza la sustituci\u00f3n de 10 kil\u00f3metros de cableado para optimizar el suministro en el estado Zulia.<\/p>\n\n\n\n<p>El encuentro afianza m\u00e9todos de trabajo para garantizar la atenci\u00f3n efectiva de las solicitudes canalizadas en el Sistema 1&#215;10 del Buen Gobierno en materia aver\u00edas, alumbrado p\u00fablico, instalaci\u00f3n de equipos y control de vegetaci\u00f3n, como parte de las instrucciones trazadas por el presidente de la Rep\u00fablica, Nicol\u00e1s Maduro, y la presidenta (E) Delcy Rodr\u00edguez.<\/p>\n\n\n\n<p>Estas jornadas de revisi\u00f3n se desarrollan permanentemente en correspondencia con la activaci\u00f3n de la 2T: Ciudades Humanas para el Buen Vivir, Obras P\u00fablicas e Infraestructura, contemplada en el Plan Patria de las 7T: las Grandes Transformaciones rumbo al 2030.<\/p>\n\n\n\n<p><strong>Prensa MPPEE-CORPOELEC<\/strong><\/p>\n","protected":false},"excerpt":{"rendered":"<p>San Bernardino, Caracas.- Desde San Bernardino, en Caracas, sesiona este s\u00e1bado el Comit\u00e9 T\u00e9cnico de An\u00e1lisis y Toma de Decisiones<\/p>\n","protected":false},"author":24,"featured_media":103814,"comment_status":"closed","ping_status":"closed","sticky":false,"template":"","format":"standard","meta":{"footnotes":""},"categories":[15],"tags":[2963,2691,2763],"class_list":["post-103813","post","type-post","status-publish","format-standard","has-post-thumbnail","hentry","category-nacionales","tag-comite-tecnico","tag-corpoelec","tag-jorge-marquez"],"_links":{"self":[{"href":"https:\/\/mppee.gob.ve\/index.php?rest_route=\/wp\/v2\/posts\/103813","targetHints":{"allow":["GET"]}}],"collection":[{"href":"https:\/\/mppee.gob.ve\/index.php?rest_route=\/wp\/v2\/posts"}],"about":[{"href":"https:\/\/mppee.gob.ve\/index.php?rest_route=\/wp\/v2\/types\/post"}],"author":[{"embeddable":true,"href":"https:\/\/mppee.gob.ve\/index.php?rest_route=\/wp\/v2\/users\/24"}],"replies":[{"embeddable":true,"href":"https:\/\/mppee.gob.ve\/index.php?rest_route=%2Fwp%2Fv2%2Fcomments&post=103813"}],"version-history":[{"count":1,"href":"https:\/\/mppee.gob.ve\/index.php?rest_route=\/wp\/v2\/posts\/103813\/revisions"}],"predecessor-version":[{"id":103815,"href":"https:\/\/mppee.gob.ve\/index.php?rest_route=\/wp\/v2\/posts\/103813\/revisions\/103815"}],"wp:featuredmedia":[{"embeddable":true,"href":"https:\/\/mppee.gob.ve\/index.php?rest_route=\/wp\/v2\/media\/103814"}],"wp:attachment":[{"href":"https:\/\/mppee.gob.ve\/index.php?rest_route=%2Fwp%2Fv2%2Fmedia&parent=103813"}],"wp:term":[{"taxonomy":"category","embeddable":true,"href":"https:\/\/mppee.gob.ve\/index.php?rest_route=%2Fwp%2Fv2%2Fcategories&post=103813"},{"taxonomy":"post_tag","embeddable":true,"href":"https:\/\/mppee.gob.ve\/index.php?rest_route=%2Fwp%2Fv2%2Ftags&post=103813"}],"curies":[{"name":"wp","href":"https:\/\/api.w.org\/{rel}","templated":true}]}}