{"id":103865,"date":"2026-01-29T16:03:02","date_gmt":"2026-01-29T16:03:02","guid":{"rendered":"https:\/\/mppee.gob.ve\/?p=103865"},"modified":"2026-01-29T16:03:28","modified_gmt":"2026-01-29T16:03:28","slug":"despliegan-jornada-de-atencion-para-usuarios-residenciales-de-yaracuy-informacion","status":"publish","type":"post","link":"https:\/\/mppee.gob.ve\/?p=103865","title":{"rendered":"Despliegan Jornada de Atenci\u00f3n para usuarios residenciales de Yaracuy (+Informaci\u00f3n)"},"content":{"rendered":"\n<p><strong>Estado Yaracuy.-<\/strong>\u00a0La Corporaci\u00f3n El\u00e9ctrica Nacional (CORPOELEC), ofrecer\u00e1 servicios especiales los d\u00edas viernes 30 y s\u00e1bado 31 de enero para la cancelaci\u00f3n de facturas para usuarios residenciales a trav\u00e9s de los Centros Integrales de Atenci\u00f3n al Usuario (CIAU) en el estado Yaracuy.<\/p>\n\n\n\n<p>La jornada brindar\u00e1 atenci\u00f3n de notificaci\u00f3n de deudas por concepto de consumo del servicio el\u00e9ctrico, solicitud de servicio nuevo y actualizaci\u00f3n de datos, desde las 08:30 de la ma\u00f1ana hasta las 03:30 de la tarde.<\/p>\n\n\n\n<p>Los sectores que ser\u00e1n atendidos son:<\/p>\n\n\n\n<ul class=\"wp-block-list\">\n<li>Ciudadela Hugo Rafael Ch\u00e1vez Fr\u00edas de San Felipe.<\/li>\n\n\n\n<li>San Andr\u00e9s.<\/li>\n\n\n\n<li>Urbanizaci\u00f3n Villas de Yara del municipio Pe\u00f1a.<\/li>\n<\/ul>\n\n\n\n<p>Para m\u00e1s informaci\u00f3n sobre las Jornadas Integrales de Atenci\u00f3n al Usuario, puede consultar la cuenta\u00a0<a href=\"https:\/\/www.instagram.com\/corpoelecinfo\/\">@corpoelecinfo\u00a0<\/a>en Instagram;\u00a0<a href=\"https:\/\/www.facebook.com\/Corpoelecinfo\">Corpoelec Informa\u00a0<\/a>en Facebook o visitar la p\u00e1gina web\u00a0<a href=\"https:\/\/corpoelec.gob.ve\/\">corpoelec.gob.ve<\/a>.<\/p>\n\n\n\n<p><strong>Prensa MPPEE-CORPOELEC<\/strong><strong><\/strong><\/p>\n","protected":false},"excerpt":{"rendered":"<p>Estado Yaracuy.-\u00a0La Corporaci\u00f3n El\u00e9ctrica Nacional (CORPOELEC), ofrecer\u00e1 servicios especiales los d\u00edas viernes 30 y s\u00e1bado 31 de enero para la<\/p>\n","protected":false},"author":22,"featured_media":98309,"comment_status":"closed","ping_status":"closed","sticky":false,"template":"","format":"standard","meta":{"footnotes":""},"categories":[30],"tags":[2758,2691,2726],"class_list":["post-103865","post","type-post","status-publish","format-standard","has-post-thumbnail","hentry","category-regionales","tag-atencion","tag-corpoelec","tag-yaracuy"],"_links":{"self":[{"href":"https:\/\/mppee.gob.ve\/index.php?rest_route=\/wp\/v2\/posts\/103865","targetHints":{"allow":["GET"]}}],"collection":[{"href":"https:\/\/mppee.gob.ve\/index.php?rest_route=\/wp\/v2\/posts"}],"about":[{"href":"https:\/\/mppee.gob.ve\/index.php?rest_route=\/wp\/v2\/types\/post"}],"author":[{"embeddable":true,"href":"https:\/\/mppee.gob.ve\/index.php?rest_route=\/wp\/v2\/users\/22"}],"replies":[{"embeddable":true,"href":"https:\/\/mppee.gob.ve\/index.php?rest_route=%2Fwp%2Fv2%2Fcomments&post=103865"}],"version-history":[{"count":3,"href":"https:\/\/mppee.gob.ve\/index.php?rest_route=\/wp\/v2\/posts\/103865\/revisions"}],"predecessor-version":[{"id":103950,"href":"https:\/\/mppee.gob.ve\/index.php?rest_route=\/wp\/v2\/posts\/103865\/revisions\/103950"}],"wp:featuredmedia":[{"embeddable":true,"href":"https:\/\/mppee.gob.ve\/index.php?rest_route=\/wp\/v2\/media\/98309"}],"wp:attachment":[{"href":"https:\/\/mppee.gob.ve\/index.php?rest_route=%2Fwp%2Fv2%2Fmedia&parent=103865"}],"wp:term":[{"taxonomy":"category","embeddable":true,"href":"https:\/\/mppee.gob.ve\/index.php?rest_route=%2Fwp%2Fv2%2Fcategories&post=103865"},{"taxonomy":"post_tag","embeddable":true,"href":"https:\/\/mppee.gob.ve\/index.php?rest_route=%2Fwp%2Fv2%2Ftags&post=103865"}],"curies":[{"name":"wp","href":"https:\/\/api.w.org\/{rel}","templated":true}]}}