{"id":103867,"date":"2026-01-26T21:07:12","date_gmt":"2026-01-26T21:07:12","guid":{"rendered":"https:\/\/mppee.gob.ve\/?p=103867"},"modified":"2026-01-26T21:07:40","modified_gmt":"2026-01-26T21:07:40","slug":"corpoelec-habilita-jornada-especial-de-atencion-al-usuario-en-10-municipios-de-anzoategui","status":"publish","type":"post","link":"https:\/\/mppee.gob.ve\/?p=103867","title":{"rendered":"CORPOELEC habilita jornada especial de atenci\u00f3n al usuario en 10 municipios de Anzo\u00e1tegui"},"content":{"rendered":"\n<p><strong>Estado Anzo\u00e1tegui.- <\/strong>Este martes 27 y mi\u00e9rcoles 28 de enero la Corporaci\u00f3n El\u00e9ctrica Nacional (CORPOELEC) abordar\u00e1 10 municipios del estado Anzo\u00e1tegui con la activaci\u00f3n de Jornadas de Atenci\u00f3n al Usuario, actividad que servir\u00e1 para impulsar el pago de facturas y brindar asesor\u00edas dirigida al sector residencial y a establecimientos comerciales de todos los rubros.<\/p>\n\n\n\n<p>El referido despliegue busca familiarizar al usuario con los procesos de orden comercial de la empresa el\u00e9ctrica, con puntos de atenci\u00f3n situados en sus urbanismos los cuales estar\u00e1n habilitados entre las 8:00 de la ma\u00f1ana y las 02:00 de la tarde.<\/p>\n\n\n\n<p>Consulta aqu\u00ed los municipios y sectores donde estar\u00e1n ubicados los equipos de trabajo para tu atenci\u00f3n.<\/p>\n\n\n\n<p><strong>Martes 27<\/strong><\/p>\n\n\n\n<ul class=\"wp-block-list\">\n<li>Sim\u00f3n Bol\u00edvar: Urbanismos La Estancia, Bosques del Never\u00ed, avenida Caracas y calles 9-10 de colinas de Never\u00ed en Barcelona<\/li>\n\n\n\n<li>Diego Bautista Urbaneja: Residencias Marina Mar y en la avenida Anzo\u00e1tegui de Lecher\u00eda<\/li>\n\n\n\n<li>Juan Antonio Sotillo: Urbanizaci\u00f3n Oropeza Castillo y en el Casco Central de Puerto La Cruz.<\/li>\n\n\n\n<li>Sim\u00f3n Rodr\u00edguez: Urbanizaci\u00f3n El Portal y en la avenida Jes\u00fas Subero de El Tigre.<\/li>\n\n\n\n<li>San Jos\u00e9 de Guanipa: Residencias El Mirador II y en las calles Uni\u00f3n y Roscio del casco central de Guanipa.<\/li>\n\n\n\n<li>Anaco: Residencias: Urbanizaci\u00f3n Cantarrana y en las calles Cajigal, Aragua, San Jos\u00e9, Comercio y en la avenida Zulia<\/li>\n\n\n\n<li>Pedro Mar\u00eda Freites: Calle Carabobo de Cantaura.<\/li>\n\n\n\n<li>Aragua: Calles Los Llanos y Berm\u00fadez de Aragua de Barcelona<\/li>\n\n\n\n<li>P\u00edritu: Avenida Pe\u00f1alver, sector Pedro G\u00f3mez Rolingson en P\u00edritu<\/li>\n\n\n\n<li>Manuel Ezequiel Bruzual: Avenida Fern\u00e1ndez Padilla y en la calle Tomas Fern\u00e1ndez de Clarines<\/li>\n<\/ul>\n\n\n\n<p><strong>Mi\u00e9rcoles 28<\/strong><\/p>\n\n\n\n<ul class=\"wp-block-list\">\n<li>Sim\u00f3n Bol\u00edvar: Urbanismos Nueva Guaica, Parque Florida; adem\u00e1s en la avenida Pedro Mar\u00eda Freites y en el sector Barrio Sucre de Barcelona<\/li>\n\n\n\n<li>Diego Bautista Urbaneja: Residencias Marina del Rey y en la avenida Diego Bautista Urbaneja de Lecher\u00eda<\/li>\n\n\n\n<li>Juan Antonio Sotillo: Urbanizaci\u00f3n Oropeza Castillo y en el Casco Central de Puerto La Cruz.<\/li>\n\n\n\n<li>Sim\u00f3n Rodr\u00edguez: Avenida Espa\u00f1a de El Tigre.<\/li>\n\n\n\n<li>San Jos\u00e9 de Guanipa: Residencias Los Tejados I-II de Guanipa.<\/li>\n\n\n\n<li>Anaco: Residencias: Calles HP, Las Brisas, Portuguesa, Piar; avenida Anzo\u00e1tegui en las carreteras Anaco-Cantaura y Anaco- Buena Vista<\/li>\n\n\n\n<li>Pedro Mar\u00eda Freites: Calle Primera de Pueblo Nuevo en Cantaura.<\/li>\n\n\n\n<li>Aragua: Calles Amparan y Ricauter de Aragua de Barcelona<\/li>\n\n\n\n<li>P\u00edritu: Calle La Planta y en la avenida Pe\u00f1alver de Puerto P\u00edritu<\/li>\n\n\n\n<li>Manuel Ezequiel Bruzual: Avenida Fern\u00e1ndez Padilla de Clarines<\/li>\n<\/ul>\n\n\n\n<p>Si quieres conocer m\u00e1s detalles de estas jornadas visita nuestras redes @corpoelecinfo en Instagram o visita nuestra p\u00e1gina Corpoelec informa en Facebook.<\/p>\n\n\n\n<p><strong>Prensa MPPEE-CORPOELEC<\/strong><\/p>\n","protected":false},"excerpt":{"rendered":"<p>Estado Anzo\u00e1tegui.- Este martes 27 y mi\u00e9rcoles 28 de enero la Corporaci\u00f3n El\u00e9ctrica Nacional (CORPOELEC) abordar\u00e1 10 municipios del estado<\/p>\n","protected":false},"author":22,"featured_media":103565,"comment_status":"closed","ping_status":"closed","sticky":false,"template":"","format":"standard","meta":{"footnotes":""},"categories":[30],"tags":[2706,2691,11,2744,46],"class_list":["post-103867","post","type-post","status-publish","format-standard","has-post-thumbnail","hentry","category-regionales","tag-anzoategui","tag-corpoelec","tag-mppee","tag-sen","tag-venezuela"],"_links":{"self":[{"href":"https:\/\/mppee.gob.ve\/index.php?rest_route=\/wp\/v2\/posts\/103867","targetHints":{"allow":["GET"]}}],"collection":[{"href":"https:\/\/mppee.gob.ve\/index.php?rest_route=\/wp\/v2\/posts"}],"about":[{"href":"https:\/\/mppee.gob.ve\/index.php?rest_route=\/wp\/v2\/types\/post"}],"author":[{"embeddable":true,"href":"https:\/\/mppee.gob.ve\/index.php?rest_route=\/wp\/v2\/users\/22"}],"replies":[{"embeddable":true,"href":"https:\/\/mppee.gob.ve\/index.php?rest_route=%2Fwp%2Fv2%2Fcomments&post=103867"}],"version-history":[{"count":1,"href":"https:\/\/mppee.gob.ve\/index.php?rest_route=\/wp\/v2\/posts\/103867\/revisions"}],"predecessor-version":[{"id":103868,"href":"https:\/\/mppee.gob.ve\/index.php?rest_route=\/wp\/v2\/posts\/103867\/revisions\/103868"}],"wp:featuredmedia":[{"embeddable":true,"href":"https:\/\/mppee.gob.ve\/index.php?rest_route=\/wp\/v2\/media\/103565"}],"wp:attachment":[{"href":"https:\/\/mppee.gob.ve\/index.php?rest_route=%2Fwp%2Fv2%2Fmedia&parent=103867"}],"wp:term":[{"taxonomy":"category","embeddable":true,"href":"https:\/\/mppee.gob.ve\/index.php?rest_route=%2Fwp%2Fv2%2Fcategories&post=103867"},{"taxonomy":"post_tag","embeddable":true,"href":"https:\/\/mppee.gob.ve\/index.php?rest_route=%2Fwp%2Fv2%2Ftags&post=103867"}],"curies":[{"name":"wp","href":"https:\/\/api.w.org\/{rel}","templated":true}]}}