{"id":103879,"date":"2026-01-27T18:01:49","date_gmt":"2026-01-27T18:01:49","guid":{"rendered":"https:\/\/mppee.gob.ve\/?p=103879"},"modified":"2026-01-27T18:02:14","modified_gmt":"2026-01-27T18:02:14","slug":"mejoran-sistema-de-alumbrado-publico-en-alto-carinagua","status":"publish","type":"post","link":"https:\/\/mppee.gob.ve\/?p=103879","title":{"rendered":"Mejoran sistema de alumbrado p\u00fablico en Alto Carinagua"},"content":{"rendered":"\n<p><strong>Estado Amazonas.-<\/strong> En un esfuerzo articulado para garantizar la seguridad y el bienestar de las familias amazonenses, la Corporaci\u00f3n El\u00e9ctrica Nacional (CORPOELEC) rehabilit\u00f3 el sistema de alumbrado p\u00fablico en la avenida principal de Alto Carinagua, estado Amazonas.<\/p>\n\n\n\n<p>Este despliegue t\u00e9cnico permiti\u00f3 la instalaci\u00f3n de 41 luminarias de tecnolog\u00eda LED de 100 W, logrando una mejora sustancial en la visibilidad nocturna desde el Terminal de Pasajeros \u00abMelicio P\u00e9rez\u00bb hasta el sector Callej\u00f3n San Jos\u00e9.<\/p>\n\n\n\n<p>Las labores t\u00e9cnicas no solo repercuten en la recuperaci\u00f3n de la infraestructura vial, sino que tambi\u00e9n impacta directamente en la calidad de vida de los habitantes de la zona, beneficiando especialmente a las comunas Cuartel de la Monta\u00f1a y Pensamientos de Ch\u00e1vez.<\/p>\n\n\n\n<p>Estas labores est\u00e1n enmarcadas en el Plan Nacional de Iluminaci\u00f3n de V\u00edas Expresas, el cual tiene como objetivo el fortalecimiento de la red de alumbrado p\u00fablico en las avenidas de Puerto Ayacucho.<\/p>\n\n\n\n<p>A trav\u00e9s de este plan, se responde de manera efectiva a las solicitudes de las comunidades organizadas, asegurando espacios p\u00fablicos \u00f3ptimos y bien iluminados que facilitan tanto el tr\u00e1nsito peatonal como el flujo vehicular en la entidad.<\/p>\n\n\n\n<p><strong>Prensa MPPEE-CORPOLEC<\/strong><\/p>\n","protected":false},"excerpt":{"rendered":"<p>Estado Amazonas.- En un esfuerzo articulado para garantizar la seguridad y el bienestar de las familias amazonenses, la Corporaci\u00f3n El\u00e9ctrica<\/p>\n","protected":false},"author":24,"featured_media":103880,"comment_status":"closed","ping_status":"closed","sticky":false,"template":"","format":"standard","meta":{"footnotes":""},"categories":[30],"tags":[3567,2771,2740,2691],"class_list":["post-103879","post","type-post","status-publish","format-standard","has-post-thumbnail","hentry","category-regionales","tag-alto-carinagua","tag-alumbrado-publico","tag-amazonas","tag-corpoelec"],"_links":{"self":[{"href":"https:\/\/mppee.gob.ve\/index.php?rest_route=\/wp\/v2\/posts\/103879","targetHints":{"allow":["GET"]}}],"collection":[{"href":"https:\/\/mppee.gob.ve\/index.php?rest_route=\/wp\/v2\/posts"}],"about":[{"href":"https:\/\/mppee.gob.ve\/index.php?rest_route=\/wp\/v2\/types\/post"}],"author":[{"embeddable":true,"href":"https:\/\/mppee.gob.ve\/index.php?rest_route=\/wp\/v2\/users\/24"}],"replies":[{"embeddable":true,"href":"https:\/\/mppee.gob.ve\/index.php?rest_route=%2Fwp%2Fv2%2Fcomments&post=103879"}],"version-history":[{"count":1,"href":"https:\/\/mppee.gob.ve\/index.php?rest_route=\/wp\/v2\/posts\/103879\/revisions"}],"predecessor-version":[{"id":103881,"href":"https:\/\/mppee.gob.ve\/index.php?rest_route=\/wp\/v2\/posts\/103879\/revisions\/103881"}],"wp:featuredmedia":[{"embeddable":true,"href":"https:\/\/mppee.gob.ve\/index.php?rest_route=\/wp\/v2\/media\/103880"}],"wp:attachment":[{"href":"https:\/\/mppee.gob.ve\/index.php?rest_route=%2Fwp%2Fv2%2Fmedia&parent=103879"}],"wp:term":[{"taxonomy":"category","embeddable":true,"href":"https:\/\/mppee.gob.ve\/index.php?rest_route=%2Fwp%2Fv2%2Fcategories&post=103879"},{"taxonomy":"post_tag","embeddable":true,"href":"https:\/\/mppee.gob.ve\/index.php?rest_route=%2Fwp%2Fv2%2Ftags&post=103879"}],"curies":[{"name":"wp","href":"https:\/\/api.w.org\/{rel}","templated":true}]}}