{"id":103902,"date":"2026-01-28T12:59:59","date_gmt":"2026-01-28T12:59:59","guid":{"rendered":"https:\/\/mppee.gob.ve\/?p=103902"},"modified":"2026-01-28T13:39:51","modified_gmt":"2026-01-28T13:39:51","slug":"comite-tecnico-de-corpoelec-se-desarrolla-en-caracas","status":"publish","type":"post","link":"https:\/\/mppee.gob.ve\/?p=103902","title":{"rendered":"Comit\u00e9 T\u00e9cnico de CORPOELEC se desarrolla en Caracas"},"content":{"rendered":"\n<p><strong>San Bernardino, Caracas.- <\/strong>Con el prop\u00f3sito de fortalecer la operatividad del Sistema El\u00e9ctrico Nacional (SEN) y mejorar procesos de gesti\u00f3n, se desarrolla una sesi\u00f3n extraordinaria del Comit\u00e9 T\u00e9cnico de An\u00e1lisis y Toma de Decisiones de la Corporaci\u00f3n El\u00e9ctrica Nacional (CORPOELEC).\u00a0<\/p>\n\n\n\n<p>El debate de estrategias se lleva a cabo en el sal\u00f3n Hugo Ch\u00e1vez de la sede del Ministerio del Poder Popular para la Energ\u00eda El\u00e9ctrica (MPPEE), en Caracas, y es liderada por el titular de Energ\u00eda El\u00e9ctrica, Jorge M\u00e1rquez.<\/p>\n\n\n\n<p>El comit\u00e9 est\u00e1 enfocado en consolidar las mejoras continuas para la prestaci\u00f3n del servicio el\u00e9ctrico y eval\u00faa las maniobras correctivas y preventivas ejecutadas en la infraestructura el\u00e9ctrica del pa\u00eds, as\u00ed como el avance de proyectos.&nbsp;<\/p>\n\n\n\n<p>En esta instancia, tambi\u00e9n participa el presidente de CORPOELEC, Jos\u00e9 Luis Betancourt, Viceministros y Presidentes de entes adscritos del MPPEE.<\/p>\n\n\n\n<p>Igualmente participan Gerentes Generales de CORPOELEC y responsables y especialistas de las \u00e1reas medulares de la estatal el\u00e9ctrica, como lo son: generaci\u00f3n, transmisi\u00f3n, distribuci\u00f3n y comercializaci\u00f3n de energ\u00eda.&nbsp;<\/p>\n\n\n\n<p>El Comit\u00e9 T\u00e9cnico de An\u00e1lisis de CORPOELEC responde a los lineamientos del presidente de la Rep\u00fablica, Nicol\u00e1s Maduro, y la presidenta encargada, Delcy Rodr\u00edguez, en robustecer el SEN, mediante la planificaci\u00f3n, mantenimiento y supervisi\u00f3n para brindar un servicio de calidad a los venezolanos.&nbsp;<\/p>\n\n\n\n<p><strong>Prensa MPPEE-CORPOELEC \/ Rosiris Ortega<\/strong><\/p>\n","protected":false},"excerpt":{"rendered":"<p>San Bernardino, Caracas.- Con el prop\u00f3sito de fortalecer la operatividad del Sistema El\u00e9ctrico Nacional (SEN) y mejorar procesos de gesti\u00f3n,<\/p>\n","protected":false},"author":24,"featured_media":103903,"comment_status":"closed","ping_status":"closed","sticky":false,"template":"","format":"standard","meta":{"footnotes":""},"categories":[15],"tags":[2963,2691,2763],"class_list":["post-103902","post","type-post","status-publish","format-standard","has-post-thumbnail","hentry","category-nacionales","tag-comite-tecnico","tag-corpoelec","tag-jorge-marquez"],"_links":{"self":[{"href":"https:\/\/mppee.gob.ve\/index.php?rest_route=\/wp\/v2\/posts\/103902","targetHints":{"allow":["GET"]}}],"collection":[{"href":"https:\/\/mppee.gob.ve\/index.php?rest_route=\/wp\/v2\/posts"}],"about":[{"href":"https:\/\/mppee.gob.ve\/index.php?rest_route=\/wp\/v2\/types\/post"}],"author":[{"embeddable":true,"href":"https:\/\/mppee.gob.ve\/index.php?rest_route=\/wp\/v2\/users\/24"}],"replies":[{"embeddable":true,"href":"https:\/\/mppee.gob.ve\/index.php?rest_route=%2Fwp%2Fv2%2Fcomments&post=103902"}],"version-history":[{"count":1,"href":"https:\/\/mppee.gob.ve\/index.php?rest_route=\/wp\/v2\/posts\/103902\/revisions"}],"predecessor-version":[{"id":103904,"href":"https:\/\/mppee.gob.ve\/index.php?rest_route=\/wp\/v2\/posts\/103902\/revisions\/103904"}],"wp:featuredmedia":[{"embeddable":true,"href":"https:\/\/mppee.gob.ve\/index.php?rest_route=\/wp\/v2\/media\/103903"}],"wp:attachment":[{"href":"https:\/\/mppee.gob.ve\/index.php?rest_route=%2Fwp%2Fv2%2Fmedia&parent=103902"}],"wp:term":[{"taxonomy":"category","embeddable":true,"href":"https:\/\/mppee.gob.ve\/index.php?rest_route=%2Fwp%2Fv2%2Fcategories&post=103902"},{"taxonomy":"post_tag","embeddable":true,"href":"https:\/\/mppee.gob.ve\/index.php?rest_route=%2Fwp%2Fv2%2Ftags&post=103902"}],"curies":[{"name":"wp","href":"https:\/\/api.w.org\/{rel}","templated":true}]}}