{"id":103927,"date":"2026-01-28T19:05:58","date_gmt":"2026-01-28T19:05:58","guid":{"rendered":"https:\/\/mppee.gob.ve\/?p=103927"},"modified":"2026-01-28T22:13:46","modified_gmt":"2026-01-28T22:13:46","slug":"ministro-marquez-recorre-areas-operativas-de-la-subestacion-la-mariposa","status":"publish","type":"post","link":"https:\/\/mppee.gob.ve\/?p=103927","title":{"rendered":"Ministro M\u00e1rquez recorre \u00e1reas operativas de la subestaci\u00f3n La Mariposa"},"content":{"rendered":"\n<p><strong>Estado Miranda.-<\/strong> A prop\u00f3sito de los esfuerzos destinados a consolidar la estabilidad del servicio el\u00e9ctrico en la Regi\u00f3n Capital, el ministro del Poder Popular para la Energ\u00eda El\u00e9ctrica, Jorge M\u00e1rquez, inspeccion\u00f3 las \u00e1reas operativas de la subestaci\u00f3n La Mariposa, ubicada en el suroeste de Caracas.<\/p>\n\n\n\n<p>La visita a esta instalaci\u00f3n situada en el Complejo La Mariposa, responde a las instrucciones del presidente de la Rep\u00fablica, Nicol\u00e1s Maduro, y la hoja de ruta trazada por la presidenta (E) Delcy Rodr\u00edguez para elevar la eficiencia del Sistema El\u00e9ctrico Nacional (SEN).<\/p>\n\n\n\n<p>Acompa\u00f1ado por el presidente de la Corporaci\u00f3n El\u00e9ctrica Nacional (CORPOELEC), Jos\u00e9 Luis Betancourt, tambi\u00e9n evalu\u00f3 los procesos t\u00e9cnicos que se desarrollan en la subestaci\u00f3n en consonancia con los objetivos definidos en la 2T: Ciudades Humanas para el Buen Vivir, Servicios P\u00fablicos e Infraestructura.<\/p>\n\n\n\n<p>Esta infraestructura forma parte de los esquemas de mantenimiento preventivo y correctivo realizados continuamente para robustecer el servicio en zonas de la Gran Caracas.<\/p>\n\n\n\n<p><strong>Prensa MPPEE-CORPOELEC<\/strong><\/p>\n","protected":false},"excerpt":{"rendered":"<p>Estado Miranda.- A prop\u00f3sito de los esfuerzos destinados a consolidar la estabilidad del servicio el\u00e9ctrico en la Regi\u00f3n Capital, el<\/p>\n","protected":false},"author":24,"featured_media":103941,"comment_status":"closed","ping_status":"closed","sticky":false,"template":"","format":"standard","meta":{"footnotes":""},"categories":[15],"tags":[2763,3571],"class_list":["post-103927","post","type-post","status-publish","format-standard","has-post-thumbnail","hentry","category-nacionales","tag-jorge-marquez","tag-la-mariposa"],"_links":{"self":[{"href":"https:\/\/mppee.gob.ve\/index.php?rest_route=\/wp\/v2\/posts\/103927","targetHints":{"allow":["GET"]}}],"collection":[{"href":"https:\/\/mppee.gob.ve\/index.php?rest_route=\/wp\/v2\/posts"}],"about":[{"href":"https:\/\/mppee.gob.ve\/index.php?rest_route=\/wp\/v2\/types\/post"}],"author":[{"embeddable":true,"href":"https:\/\/mppee.gob.ve\/index.php?rest_route=\/wp\/v2\/users\/24"}],"replies":[{"embeddable":true,"href":"https:\/\/mppee.gob.ve\/index.php?rest_route=%2Fwp%2Fv2%2Fcomments&post=103927"}],"version-history":[{"count":1,"href":"https:\/\/mppee.gob.ve\/index.php?rest_route=\/wp\/v2\/posts\/103927\/revisions"}],"predecessor-version":[{"id":103929,"href":"https:\/\/mppee.gob.ve\/index.php?rest_route=\/wp\/v2\/posts\/103927\/revisions\/103929"}],"wp:featuredmedia":[{"embeddable":true,"href":"https:\/\/mppee.gob.ve\/index.php?rest_route=\/wp\/v2\/media\/103941"}],"wp:attachment":[{"href":"https:\/\/mppee.gob.ve\/index.php?rest_route=%2Fwp%2Fv2%2Fmedia&parent=103927"}],"wp:term":[{"taxonomy":"category","embeddable":true,"href":"https:\/\/mppee.gob.ve\/index.php?rest_route=%2Fwp%2Fv2%2Fcategories&post=103927"},{"taxonomy":"post_tag","embeddable":true,"href":"https:\/\/mppee.gob.ve\/index.php?rest_route=%2Fwp%2Fv2%2Ftags&post=103927"}],"curies":[{"name":"wp","href":"https:\/\/api.w.org\/{rel}","templated":true}]}}