{"id":103930,"date":"2026-01-28T19:38:56","date_gmt":"2026-01-28T19:38:56","guid":{"rendered":"https:\/\/mppee.gob.ve\/?p=103930"},"modified":"2026-01-28T19:39:15","modified_gmt":"2026-01-28T19:39:15","slug":"corpoelec-acompano-ejecucion-de-155-proyectos-de-electrificacion-en-comunidades-larenses","status":"publish","type":"post","link":"https:\/\/mppee.gob.ve\/?p=103930","title":{"rendered":"CORPOELEC acompa\u00f1\u00f3 ejecuci\u00f3n de 155 proyectos de electrificaci\u00f3n en comunidades larenses"},"content":{"rendered":"\n<p><strong>Estado Lara.- <\/strong>Con el objetivo de fortalecer y optimizar la red de distribuci\u00f3n el\u00e9ctrica en las comunidades, la Corporaci\u00f3n El\u00e9ctrica Nacional (CORPOELEC) acompa\u00f1\u00f3 t\u00e9cnico integral al Poder Popular en la formulaci\u00f3n y consolidaci\u00f3n de 155 proyectos de electrificaci\u00f3n ejecutados en el estado Lara.<\/p>\n\n\n\n<p>Estas acciones representan un avance significativo en la optimizaci\u00f3n de la infraestructura el\u00e9ctrica y materializan la participaci\u00f3n ciudadana expresada en las Consultas Populares Nacionales realizadas durante el a\u00f1o 2025.<\/p>\n\n\n\n<p>Las obras generan un impacto positivo en la calidad de vida de 94.644 habitantes de los municipios Iribarren, Torres, Mor\u00e1n, Jim\u00e9nez, Sim\u00f3n Planas, Urdaneta, Crespo, Andr\u00e9s Eloy Blanco y Palavecino.<\/p>\n\n\n\n<p>Estos proyectos se inscriben en la 2T: Ciudades Humanas para el Buen Vivir, Servicios P\u00fablicos e Infraestructura, impulsada por el presidente de la Rep\u00fablica, Nicol\u00e1s Maduro, y la presidenta (E) Delcy Rodr\u00edguez, afianzando un modelo de gesti\u00f3n participativa y protag\u00f3nica fundamental para el desarrollo y la justicia social.<\/p>\n\n\n\n<p><strong>Prensa MPPEE-CORPOELEC<\/strong><\/p>\n","protected":false},"excerpt":{"rendered":"<p>Estado Lara.- Con el objetivo de fortalecer y optimizar la red de distribuci\u00f3n el\u00e9ctrica en las comunidades, la Corporaci\u00f3n El\u00e9ctrica<\/p>\n","protected":false},"author":24,"featured_media":103931,"comment_status":"closed","ping_status":"closed","sticky":false,"template":"","format":"standard","meta":{"footnotes":""},"categories":[30],"tags":[2826,2691,2777,2690],"class_list":["post-103930","post","type-post","status-publish","format-standard","has-post-thumbnail","hentry","category-regionales","tag-consulta-popular-nacional","tag-corpoelec","tag-distribucion","tag-lara"],"_links":{"self":[{"href":"https:\/\/mppee.gob.ve\/index.php?rest_route=\/wp\/v2\/posts\/103930","targetHints":{"allow":["GET"]}}],"collection":[{"href":"https:\/\/mppee.gob.ve\/index.php?rest_route=\/wp\/v2\/posts"}],"about":[{"href":"https:\/\/mppee.gob.ve\/index.php?rest_route=\/wp\/v2\/types\/post"}],"author":[{"embeddable":true,"href":"https:\/\/mppee.gob.ve\/index.php?rest_route=\/wp\/v2\/users\/24"}],"replies":[{"embeddable":true,"href":"https:\/\/mppee.gob.ve\/index.php?rest_route=%2Fwp%2Fv2%2Fcomments&post=103930"}],"version-history":[{"count":1,"href":"https:\/\/mppee.gob.ve\/index.php?rest_route=\/wp\/v2\/posts\/103930\/revisions"}],"predecessor-version":[{"id":103932,"href":"https:\/\/mppee.gob.ve\/index.php?rest_route=\/wp\/v2\/posts\/103930\/revisions\/103932"}],"wp:featuredmedia":[{"embeddable":true,"href":"https:\/\/mppee.gob.ve\/index.php?rest_route=\/wp\/v2\/media\/103931"}],"wp:attachment":[{"href":"https:\/\/mppee.gob.ve\/index.php?rest_route=%2Fwp%2Fv2%2Fmedia&parent=103930"}],"wp:term":[{"taxonomy":"category","embeddable":true,"href":"https:\/\/mppee.gob.ve\/index.php?rest_route=%2Fwp%2Fv2%2Fcategories&post=103930"},{"taxonomy":"post_tag","embeddable":true,"href":"https:\/\/mppee.gob.ve\/index.php?rest_route=%2Fwp%2Fv2%2Ftags&post=103930"}],"curies":[{"name":"wp","href":"https:\/\/api.w.org\/{rel}","templated":true}]}}