{"id":103933,"date":"2026-01-28T20:06:14","date_gmt":"2026-01-28T20:06:14","guid":{"rendered":"https:\/\/mppee.gob.ve\/?p=103933"},"modified":"2026-01-28T20:06:45","modified_gmt":"2026-01-28T20:06:45","slug":"habilitan-puntos-de-atencion-para-usuarios-anzoatiguenses","status":"publish","type":"post","link":"https:\/\/mppee.gob.ve\/?p=103933","title":{"rendered":"Habilitan puntos de atenci\u00f3n para usuarios anzoatiguenses"},"content":{"rendered":"\n<p><strong>Estado Anzo\u00e1tegui.-<\/strong> Desde el jueves 29 hasta el 31 de enero, la Corporaci\u00f3n El\u00e9ctrica Nacional (CORPOELEC) brindar\u00e1 asistencia personalizada a usuarios residenciales y comerciales de 10 municipios del estado Anzo\u00e1tegui.<\/p>\n\n\n\n<p>Los agentes comerciales facilitar\u00e1n tr\u00e1mites relacionados con actualizaci\u00f3n de datos, pago de facturas y atenci\u00f3n de requerimientos en un horario comprendido entre las 8:00 de la ma\u00f1ana y las 02:00 de la tarde.<\/p>\n\n\n\n<p>A continuaci\u00f3n, conozca el cronograma de atenci\u00f3n en las comunidades:<\/p>\n\n\n\n<p><strong>Jueves 29 de enero<\/strong><\/p>\n\n\n\n<ul class=\"wp-block-list\">\n<li><strong>Sim\u00f3n Bol\u00edvar: <\/strong>Avenida Cajigal, calles Andr\u00e9s Eloy Blanco y Guayaquil (Barrio Sucre) y urbanismos Pacha y Terrazas de Camino Real.<\/li>\n<\/ul>\n\n\n\n<ul class=\"wp-block-list\">\n<li><strong>Diego Bautista Urbaneja:<\/strong> Residencias Aventura Plaza y avenida Jorge Rodr\u00edguez en el sector Las Garzas de Lecher\u00eda.<\/li>\n<\/ul>\n\n\n\n<ul class=\"wp-block-list\">\n<li><strong>Juan Antonio Sotillo:<\/strong> Urbanizaci\u00f3n Chupar\u00edn y en el Casco Central de Puerto La Cruz.<\/li>\n<\/ul>\n\n\n\n<ul class=\"wp-block-list\">\n<li><strong>Sim\u00f3n Rodr\u00edguez: <\/strong>Urbanizaci\u00f3n El Recreo I y avenida Libertador de El Tigre.<\/li>\n<\/ul>\n\n\n\n<ul class=\"wp-block-list\">\n<li><strong>San Jos\u00e9 de Guanipa:<\/strong> Residencias Los Naranjos y Centros Comerciales Malaver I-II en Guanipa.<\/li>\n<\/ul>\n\n\n\n<ul class=\"wp-block-list\">\n<li><strong>Anaco:<\/strong> Residencias: Urbanizaci\u00f3n Cipreses, avenida Jos\u00e9 Antonio Anzo\u00e1tegui y en las calles 17 de Diciembre, 24 de Julio y 12 de Octubre.<\/li>\n<\/ul>\n\n\n\n<ul class=\"wp-block-list\">\n<li>Pedro Mar\u00eda Freites: Calle Primera de Pueblo Nuevo en Cantaura.<\/li>\n<\/ul>\n\n\n\n<ul class=\"wp-block-list\">\n<li><strong>Aragua: <\/strong>Calles Sucre y Pio Ceballos de Aragua de Barcelona.<\/li>\n<\/ul>\n\n\n\n<ul class=\"wp-block-list\">\n<li><strong>Fernando de Pe\u00f1alver: <\/strong>Calle P\u00e1ez y Las Flores del Casco Central de Puerto P\u00edritu.<\/li>\n<\/ul>\n\n\n\n<ul class=\"wp-block-list\">\n<li><strong>Manuel Ezequiel Bruzual: <\/strong>Avenida Fern\u00e1ndez Padilla y en la calle Cruz de P\u00edritu en Clarines.<\/li>\n<\/ul>\n\n\n\n<p><strong>Viernes 30 de enero<\/strong><\/p>\n\n\n\n<ul class=\"wp-block-list\">\n<li><strong>Sim\u00f3n Bol\u00edvar:<\/strong> Residencias Bosques del Remanso y N\u00e1utica, as\u00ed como en las avenidas Ejercito y Principal de Boyac\u00e1 I-II en Barcelona.<\/li>\n<\/ul>\n\n\n\n<ul class=\"wp-block-list\">\n<li><strong>Diego Bautista Urbaneja: <\/strong>Residencias Aventura Plaza de Lecher\u00eda.<\/li>\n<\/ul>\n\n\n\n<ul class=\"wp-block-list\">\n<li><strong>Juan Antonio Sotillo: <\/strong>Urbanizaci\u00f3n Chupar\u00edn y en el Casco Central de Puerto La Cruz.<\/li>\n<\/ul>\n\n\n\n<ul class=\"wp-block-list\">\n<li><strong>Sim\u00f3n Rodr\u00edguez: <\/strong>Avenida Francisco de Miranda en El Tigre.<\/li>\n<\/ul>\n\n\n\n<ul class=\"wp-block-list\">\n<li><strong>San Jos\u00e9 de Guanipa:<\/strong> Avenida Fern\u00e1ndez Padilla en Guanipa.<\/li>\n<\/ul>\n\n\n\n<ul class=\"wp-block-list\">\n<li><strong>Anaco: <\/strong>Residencias Avenida Jos\u00e9 Antonio Anzo\u00e1tegui y en las calles Lara, Comercio, Industrias, Nueva Esparta y Carretera Negra de Anaco<\/li>\n<\/ul>\n\n\n\n<ul class=\"wp-block-list\">\n<li><strong>Pedro Mar\u00eda Freites: <\/strong>Calle Segunda de Pueblo Nuevo en Cantaura.<\/li>\n<\/ul>\n\n\n\n<ul class=\"wp-block-list\">\n<li><strong>Aragua:<\/strong> Avenida Anzo\u00e1tegui de Aragua de Barcelona.<\/li>\n<\/ul>\n\n\n\n<ul class=\"wp-block-list\">\n<li><strong>Fernando de Pe\u00f1alver: <\/strong>Calle Arismendi y en el Casco Central de Puerto P\u00edritu.<\/li>\n<\/ul>\n\n\n\n<ul class=\"wp-block-list\">\n<li><strong>Manuel Ezequiel Bruzual:<\/strong> Avenida Fern\u00e1ndez Padilla en Clarines.<\/li>\n<\/ul>\n\n\n\n<p><strong>S\u00e1bado 31 de enero<\/strong><\/p>\n\n\n\n<ul class=\"wp-block-list\">\n<li><strong>Sim\u00f3n Bol\u00edvar:<\/strong> Residencias Bosques del Remanso y Jes\u00fas Cristo es el Camino, as\u00ed como en las avenidas R\u00edo, Centuri\u00f3n y Costanera en Barcelona.<\/li>\n<\/ul>\n\n\n\n<ul class=\"wp-block-list\">\n<li><strong>Juan Antonio Sotillo: <\/strong>Urbanizaci\u00f3n Chupar\u00edn y en el Casco Central de Puerto La Cruz.<\/li>\n<\/ul>\n\n\n\n<ul class=\"wp-block-list\">\n<li><strong>Sim\u00f3n Rodr\u00edguez:<\/strong> Urbanizaci\u00f3n El Recreo II y en el Casco Central de El Tigre.<\/li>\n<\/ul>\n\n\n\n<ul class=\"wp-block-list\">\n<li><strong>San Jos\u00e9 de Guanipa: <\/strong>Urbanizaciones El Lim\u00f3n y Las Toronjitas y en las calles Sucre, Zea y Venezuela en Guanipa.<\/li>\n<\/ul>\n\n\n\n<ul class=\"wp-block-list\">\n<li><strong>Anaco:<\/strong> Residencias: Calle Monagas, Col\u00f3n, Caballero Sarmiento y en las avenidas Jos\u00e9 Antonio Anzo\u00e1tegui y Francisco de Miranda de Anaco<\/li>\n<\/ul>\n\n\n\n<ul class=\"wp-block-list\">\n<li><strong>Pedro Mar\u00eda Freites:<\/strong> Avenida Bol\u00edvar de Cantaura.<\/li>\n<\/ul>\n\n\n\n<ul class=\"wp-block-list\">\n<li><strong>Aragua: <\/strong>Calles Bol\u00edvar y Sucre de Aragua de Barcelona.<\/li>\n<\/ul>\n\n\n\n<ul class=\"wp-block-list\">\n<li><strong>Fernando de Pe\u00f1alver:<\/strong> Urbanizaci\u00f3n La Arboleda y en la avenida Principal de El Tejar<\/li>\n<\/ul>\n\n\n\n<ul class=\"wp-block-list\">\n<li><strong>Manuel Ezequiel Bruzual:<\/strong> Avenida Fern\u00e1ndez Padilla en Clarines<\/li>\n<\/ul>\n\n\n\n<p>Para m\u00e1s informaci\u00f3n sobre las Jornadas Integrales de Atenci\u00f3n al Usuario, puede consultar la cuenta&nbsp;<a href=\"https:\/\/www.instagram.com\/corpoelecinfo\/\">@corpoelecinfo&nbsp;<\/a>en Instagram;&nbsp;<a href=\"https:\/\/www.facebook.com\/Corpoelecinfo\">Corpoelec Informa&nbsp;<\/a>en Facebook o visitar la p\u00e1gina web&nbsp;<a href=\"https:\/\/corpoelec.gob.ve\/\">corpoelec.gob.ve<\/a>.<\/p>\n\n\n\n<p><strong>Prensa MPPEE-CORPOELEC<\/strong><\/p>\n","protected":false},"excerpt":{"rendered":"<p>Estado Anzo\u00e1tegui.- Desde el jueves 29 hasta el 31 de enero, la Corporaci\u00f3n El\u00e9ctrica Nacional (CORPOELEC) brindar\u00e1 asistencia personalizada a<\/p>\n","protected":false},"author":24,"featured_media":98250,"comment_status":"closed","ping_status":"closed","sticky":false,"template":"","format":"standard","meta":{"footnotes":""},"categories":[30],"tags":[2706,2691],"class_list":["post-103933","post","type-post","status-publish","format-standard","has-post-thumbnail","hentry","category-regionales","tag-anzoategui","tag-corpoelec"],"_links":{"self":[{"href":"https:\/\/mppee.gob.ve\/index.php?rest_route=\/wp\/v2\/posts\/103933","targetHints":{"allow":["GET"]}}],"collection":[{"href":"https:\/\/mppee.gob.ve\/index.php?rest_route=\/wp\/v2\/posts"}],"about":[{"href":"https:\/\/mppee.gob.ve\/index.php?rest_route=\/wp\/v2\/types\/post"}],"author":[{"embeddable":true,"href":"https:\/\/mppee.gob.ve\/index.php?rest_route=\/wp\/v2\/users\/24"}],"replies":[{"embeddable":true,"href":"https:\/\/mppee.gob.ve\/index.php?rest_route=%2Fwp%2Fv2%2Fcomments&post=103933"}],"version-history":[{"count":1,"href":"https:\/\/mppee.gob.ve\/index.php?rest_route=\/wp\/v2\/posts\/103933\/revisions"}],"predecessor-version":[{"id":103934,"href":"https:\/\/mppee.gob.ve\/index.php?rest_route=\/wp\/v2\/posts\/103933\/revisions\/103934"}],"wp:featuredmedia":[{"embeddable":true,"href":"https:\/\/mppee.gob.ve\/index.php?rest_route=\/wp\/v2\/media\/98250"}],"wp:attachment":[{"href":"https:\/\/mppee.gob.ve\/index.php?rest_route=%2Fwp%2Fv2%2Fmedia&parent=103933"}],"wp:term":[{"taxonomy":"category","embeddable":true,"href":"https:\/\/mppee.gob.ve\/index.php?rest_route=%2Fwp%2Fv2%2Fcategories&post=103933"},{"taxonomy":"post_tag","embeddable":true,"href":"https:\/\/mppee.gob.ve\/index.php?rest_route=%2Fwp%2Fv2%2Ftags&post=103933"}],"curies":[{"name":"wp","href":"https:\/\/api.w.org\/{rel}","templated":true}]}}