{"id":103953,"date":"2026-01-29T19:02:22","date_gmt":"2026-01-29T19:02:22","guid":{"rendered":"https:\/\/mppee.gob.ve\/?p=103953"},"modified":"2026-01-29T19:02:52","modified_gmt":"2026-01-29T19:02:52","slug":"afianzan-cultura-de-pago-en-usuarios-tachirenses-cronograma","status":"publish","type":"post","link":"https:\/\/mppee.gob.ve\/?p=103953","title":{"rendered":"Afianzan cultura de pago en usuarios tachirenses (+Cronograma)"},"content":{"rendered":"\n<p><strong>Estado T\u00e1chira.- <\/strong>Desde el viernes 20 hasta el 31 de enero, la Corporaci\u00f3n El\u00e9ctrica Nacional (CORPOELEC) ofrecer\u00e1 atenci\u00f3n integral a usuarios residenciales y comerciales en 13 municipios del estado T\u00e1chira.<\/p>\n\n\n\n<p>Los agentes comerciales estar\u00e1n a disposici\u00f3n de los ciudadanos para despejar dudas sobre facturaci\u00f3n, pago a trav\u00e9s de Banca en L\u00ednea y otros tr\u00e1mites asociados al servicio el\u00e9ctrico. Adem\u00e1s, se habilitar\u00e1n puntos de venta para facilitar la cancelaci\u00f3n de facturas de forma c\u00f3moda, segura y directa.<\/p>\n\n\n\n<p>La jornada se desarrollar\u00e1 en horario comprendido entre las 8:00 de la ma\u00f1ana y las 4:00 de la tarde en los siguientes puntos de atenci\u00f3n:<\/p>\n\n\n\n<p><strong>Viernes 30 de enero:<\/strong><\/p>\n\n\n\n<ul class=\"wp-block-list\">\n<li>Garc\u00eda de Hevia: casco central de La Fr\u00eda.<\/li>\n\n\n\n<li>C\u00f3rdoba: casco central de Santa Ana.<\/li>\n\n\n\n<li>Bol\u00edvar: sector Pueblo Nuevo de San Antonio.<\/li>\n\n\n\n<li>Pedro Mar\u00eda Ure\u00f1a: casco central de Ure\u00f1a.<\/li>\n\n\n\n<li>Fern\u00e1ndez Feo: sector Piscur\u00ed de El Pi\u00f1al.<\/li>\n\n\n\n<li>J\u00e1uregui: urbanizaci\u00f3n Valle Alto de La Grita.<\/li>\n\n\n\n<li>Libertador: casco central de Abejales.<\/li>\n\n\n\n<li>Ayacucho: casco central de Col\u00f3n.<\/li>\n\n\n\n<li>San Crist\u00f3bal: parroquias Pedro Mar\u00eda Morantes y La Concordia.<\/li>\n\n\n\n<li>Panamericano: sector Ca\u00f1o Real de Coloncito.<\/li>\n\n\n\n<li>Jun\u00edn: sectores El Ch\u00edcharo y La Cuchilla de la Petrolea.<\/li>\n\n\n\n<li>C\u00e1rdenas: San Rafael de Cordero.<\/li>\n<\/ul>\n\n\n\n<p><strong>S\u00e1bado 31 de enero:<\/strong><\/p>\n\n\n\n<ul class=\"wp-block-list\">\n<li>Garc\u00eda de Hevia: casco central de La Fr\u00eda.<\/li>\n\n\n\n<li>C\u00f3rdoba: casco central de Santa Ana.<\/li>\n\n\n\n<li>Bol\u00edvar: sector El Palotal de San Antonio.<\/li>\n\n\n\n<li>Pedro Mar\u00eda Ure\u00f1a: sector San Isidro de Ure\u00f1a.<\/li>\n\n\n\n<li>J\u00e1uregui: barrio Santa Rosa de La Grita.<\/li>\n\n\n\n<li>Libertador: casco central de Abejales.<\/li>\n\n\n\n<li>Ayacucho: casco central de Col\u00f3n.<\/li>\n\n\n\n<li>San Crist\u00f3bal: parroquia Pedro Mar\u00eda Morantes, San Juan Bautista y La Concordia.<\/li>\n\n\n\n<li>Panamericano: casco central de Coloncito.<\/li>\n\n\n\n<li>Jun\u00edn: sector El Ch\u00edcharo.<\/li>\n\n\n\n<li>Gu\u00e1simos: casco central de Palmira.<\/li>\n<\/ul>\n\n\n\n<p>Para m\u00e1s informaci\u00f3n sobre las Jornadas Integrales de Atenci\u00f3n al Usuario, puede consultar la cuenta&nbsp;<a href=\"https:\/\/www.instagram.com\/corpoelecinfo\/\">@corpoelecinfo&nbsp;<\/a>en Instagram;&nbsp;<a href=\"https:\/\/www.facebook.com\/Corpoelecinfo\">Corpoelec Informa&nbsp;<\/a>en Facebook o visitar la p\u00e1gina web&nbsp;<a href=\"https:\/\/corpoelec.gob.ve\/\">corpoelec.gob.ve<\/a>.<\/p>\n\n\n\n<p><strong>Prensa MPPEE-CORPOELEC<\/strong><\/p>\n","protected":false},"excerpt":{"rendered":"<p>Estado T\u00e1chira.- Desde el viernes 20 hasta el 31 de enero, la Corporaci\u00f3n El\u00e9ctrica Nacional (CORPOELEC) ofrecer\u00e1 atenci\u00f3n integral a<\/p>\n","protected":false},"author":24,"featured_media":98317,"comment_status":"closed","ping_status":"closed","sticky":false,"template":"","format":"standard","meta":{"footnotes":""},"categories":[30],"tags":[2691,2700],"class_list":["post-103953","post","type-post","status-publish","format-standard","has-post-thumbnail","hentry","category-regionales","tag-corpoelec","tag-tachira"],"_links":{"self":[{"href":"https:\/\/mppee.gob.ve\/index.php?rest_route=\/wp\/v2\/posts\/103953","targetHints":{"allow":["GET"]}}],"collection":[{"href":"https:\/\/mppee.gob.ve\/index.php?rest_route=\/wp\/v2\/posts"}],"about":[{"href":"https:\/\/mppee.gob.ve\/index.php?rest_route=\/wp\/v2\/types\/post"}],"author":[{"embeddable":true,"href":"https:\/\/mppee.gob.ve\/index.php?rest_route=\/wp\/v2\/users\/24"}],"replies":[{"embeddable":true,"href":"https:\/\/mppee.gob.ve\/index.php?rest_route=%2Fwp%2Fv2%2Fcomments&post=103953"}],"version-history":[{"count":1,"href":"https:\/\/mppee.gob.ve\/index.php?rest_route=\/wp\/v2\/posts\/103953\/revisions"}],"predecessor-version":[{"id":103954,"href":"https:\/\/mppee.gob.ve\/index.php?rest_route=\/wp\/v2\/posts\/103953\/revisions\/103954"}],"wp:featuredmedia":[{"embeddable":true,"href":"https:\/\/mppee.gob.ve\/index.php?rest_route=\/wp\/v2\/media\/98317"}],"wp:attachment":[{"href":"https:\/\/mppee.gob.ve\/index.php?rest_route=%2Fwp%2Fv2%2Fmedia&parent=103953"}],"wp:term":[{"taxonomy":"category","embeddable":true,"href":"https:\/\/mppee.gob.ve\/index.php?rest_route=%2Fwp%2Fv2%2Fcategories&post=103953"},{"taxonomy":"post_tag","embeddable":true,"href":"https:\/\/mppee.gob.ve\/index.php?rest_route=%2Fwp%2Fv2%2Ftags&post=103953"}],"curies":[{"name":"wp","href":"https:\/\/api.w.org\/{rel}","templated":true}]}}