{"id":103962,"date":"2026-01-29T22:06:27","date_gmt":"2026-01-29T22:06:27","guid":{"rendered":"https:\/\/mppee.gob.ve\/?p=103962"},"modified":"2026-01-29T22:06:46","modified_gmt":"2026-01-29T22:06:46","slug":"plan-de-las-7t-consolida-los-servicios-publicos-en-el-corredor-vial-caracas-la-guaira","status":"publish","type":"post","link":"https:\/\/mppee.gob.ve\/?p=103962","title":{"rendered":"Plan de las 7T consolida los servicios p\u00fablicos en el Corredor Vial Caracas-La Guaira"},"content":{"rendered":"\n<p><strong>Estado La Guaira.- <\/strong>Asumido como un compromiso de vida del Gobierno Bolivariano con el pueblo venezolano, el desarrollo de la 2T: Ciudad Humana para el Buen Vivir, Servicios P\u00fablicos e Infraestructura del Plan de las 7T se consolida a trav\u00e9s de los servicios p\u00fablicos y obras de envergadura en el Corredor Vial Pueblos Caribe Caracas-La Guaira.<\/p>\n\n\n\n<p>Desde la Comuna Montesano Victorioso, conformada por nueve Consejos Comunales, la Vicepresidencia Sectorial de Obras P\u00fablicas y Servicios, liderada por Jorge M\u00e1rquez, se despleg\u00f3 este jueves para constatar los avances en reparaci\u00f3n de caminer\u00edas, construcci\u00f3n de puente, instalaci\u00f3n de luminarias, rehabilitaci\u00f3n de fachadas, construcci\u00f3n de cancha, limpieza de torrenteras e impermeabilizaci\u00f3n de techos.<\/p>\n\n\n\n<p>\u201cNosotros tenemos un plan, aqu\u00ed nadie nos va a decir lo que tenemos que hacer porque nuestro presidente Nicol\u00e1s Maduro nos dej\u00f3 los lineamientos en el Plan de las 7T. Aqu\u00ed est\u00e1 la Venezuela que nosotros queremos para estos a\u00f1os que tenemos por delante, y vamos a cumplir. Es un compromiso de vida que tenemos con ustedes. No les vamos a fallar a nuestro pueblo\u201d, expres\u00f3 el vicepresidente sectorial M\u00e1rquez, al Poder Popular en asamblea.<\/p>\n\n\n\n<p>En su encuentro con los comuneros y en Asamblea Popular expres\u00f3 orgullo por el trabajo articulado entre el Poder Popular y las instituciones de Gobierno, que con el apoyo de la presidenta encargada, Delcy Rodr\u00edguez, permite consolidar resultados positivos y duraderos para las familias que habitan en el corredor vial.<\/p>\n\n\n\n<p>Junto a los titulares de Atenci\u00f3n de las Aguas, Carlos Mast Yustiz; Obras P\u00fablicas, Juan Ram\u00edrez; Transporte, An\u00edbal Coronado; H\u00e1bitat y Vivienda, Ra\u00fal Paredes, y representantes de CANTV, PDVSA Gas y el Poder Popular, el tambi\u00e9n ministro de Energ\u00eda El\u00e9ctrica recorri\u00f3 los espacios de la Comuna Montesano Victorioso, para inaugurar el puente que une a las comunidades Pedrera I y Pedrera II, al tiempo que supervis\u00f3 la construcci\u00f3n de la cancha y constat\u00f3 la limpieza de las torrenteras.<\/p>\n\n\n\n<p>M\u00e1rquez reiter\u00f3 que \u201ceste corredor Caracas &#8211; La Guaira debe ser un ejemplo para todos los corredores que vamos abordar en el pa\u00eds, tenemos que trabajar duro y en equipo para lograr que todos estos proyectos que est\u00e1n aqu\u00ed plasmados se cumplan a la brevedad y que nuestro presidente Nicol\u00e1s Maduro, se sienta orgulloso del trabajo que hicimos\u201d.<\/p>\n\n\n\n<p><strong>Prensa MPPEE-CORPOELEC \/ Rosiris Ortega<\/strong><\/p>\n","protected":false},"excerpt":{"rendered":"<p>Estado La Guaira.- Asumido como un compromiso de vida del Gobierno Bolivariano con el pueblo venezolano, el desarrollo de la<\/p>\n","protected":false},"author":24,"featured_media":103966,"comment_status":"closed","ping_status":"closed","sticky":false,"template":"","format":"standard","meta":{"footnotes":""},"categories":[15],"tags":[3574,2763,2919],"class_list":["post-103962","post","type-post","status-publish","format-standard","has-post-thumbnail","hentry","category-nacionales","tag-caracas-la-guaira","tag-jorge-marquez","tag-servicios-publicos"],"_links":{"self":[{"href":"https:\/\/mppee.gob.ve\/index.php?rest_route=\/wp\/v2\/posts\/103962","targetHints":{"allow":["GET"]}}],"collection":[{"href":"https:\/\/mppee.gob.ve\/index.php?rest_route=\/wp\/v2\/posts"}],"about":[{"href":"https:\/\/mppee.gob.ve\/index.php?rest_route=\/wp\/v2\/types\/post"}],"author":[{"embeddable":true,"href":"https:\/\/mppee.gob.ve\/index.php?rest_route=\/wp\/v2\/users\/24"}],"replies":[{"embeddable":true,"href":"https:\/\/mppee.gob.ve\/index.php?rest_route=%2Fwp%2Fv2%2Fcomments&post=103962"}],"version-history":[{"count":1,"href":"https:\/\/mppee.gob.ve\/index.php?rest_route=\/wp\/v2\/posts\/103962\/revisions"}],"predecessor-version":[{"id":103963,"href":"https:\/\/mppee.gob.ve\/index.php?rest_route=\/wp\/v2\/posts\/103962\/revisions\/103963"}],"wp:featuredmedia":[{"embeddable":true,"href":"https:\/\/mppee.gob.ve\/index.php?rest_route=\/wp\/v2\/media\/103966"}],"wp:attachment":[{"href":"https:\/\/mppee.gob.ve\/index.php?rest_route=%2Fwp%2Fv2%2Fmedia&parent=103962"}],"wp:term":[{"taxonomy":"category","embeddable":true,"href":"https:\/\/mppee.gob.ve\/index.php?rest_route=%2Fwp%2Fv2%2Fcategories&post=103962"},{"taxonomy":"post_tag","embeddable":true,"href":"https:\/\/mppee.gob.ve\/index.php?rest_route=%2Fwp%2Fv2%2Ftags&post=103962"}],"curies":[{"name":"wp","href":"https:\/\/api.w.org\/{rel}","templated":true}]}}