{"id":104830,"date":"2026-03-03T20:46:14","date_gmt":"2026-03-03T20:46:14","guid":{"rendered":"https:\/\/mppee.gob.ve\/?p=104830"},"modified":"2026-03-04T15:55:40","modified_gmt":"2026-03-04T15:55:40","slug":"tachirenses-recibiran-atencion-personalizada-en-jornadas-integrales","status":"publish","type":"post","link":"https:\/\/mppee.gob.ve\/?p=104830","title":{"rendered":"Tachirenses recibir\u00e1n atenci\u00f3n personalizada en jornadas integrales"},"content":{"rendered":"\n<p><strong>Estado T\u00e1chira.-<\/strong> Desde este mi\u00e9rcoles 04 hasta el viernes 06 de marzo, la Corporaci\u00f3n El\u00e9ctrica Nacional (CORPOELEC) se desplegar\u00e1 en 17 municipios del estado T\u00e1chira, con el objetivo de brindar asistencia personalizada a usuarios comerciales y residenciales.<\/p>\n\n\n\n<p>El personal autorizado se desplegar\u00e1 en las diferentes zonas rurales y urbanas del estado andino, para ofrecer asesor\u00eda y orientaci\u00f3n sobre actualizaci\u00f3n de datos, estados de cuenta, registros y actualizaciones de nuevos usuarios, pago de facturas y uso de la banca en l\u00ednea entre otros servicios, en un horario comprendido desde las 8:00 de la ma\u00f1ana hasta las 4:00 de la tarde.<\/p>\n\n\n\n<p>A continuaci\u00f3n, conozca los municipios donde estar\u00e1n los agentes comerciales:<\/p>\n\n\n\n<p><strong>Mi\u00e9rcoles 04 de marzo<\/strong><\/p>\n\n\n\n<p>&#8211; Garc\u00eda de Hevia: Casco Central de La Fr\u00eda.<\/p>\n\n\n\n<p>&#8211; C\u00f3rdoba: Casco Central de Santa Ana.<\/p>\n\n\n\n<p>&#8211; Bol\u00edvar: Casco Central de San Antonio.<\/p>\n\n\n\n<p>&#8211; Uribante: Casco Central de Pregonero.<\/p>\n\n\n\n<p>&#8211; Pedro Mar\u00eda Ure\u00f1a: Casco Central de Ure\u00f1a.<\/p>\n\n\n\n<p>&#8211; Fern\u00e1ndez Feo: Casco Central de El Pi\u00f1al.<\/p>\n\n\n\n<p>&#8211; J\u00e1uregui: Casco Central de La Grita.<\/p>\n\n\n\n<p>&#8211; Francisco de Miranda: Casco Central de San Jos\u00e9 de Bol\u00edvar.<\/p>\n\n\n\n<p>&#8211; Ayacucho: Casco Central de Col\u00f3n.<\/p>\n\n\n\n<p>&#8211; Libertador: Casco Central de Abejales.<\/p>\n\n\n\n<p>&#8211; San Crist\u00f3bal: Parroquias San Juan Bautista, Pedro Mar\u00eda Morantes de San Crist\u00f3bal.<\/p>\n\n\n\n<p>&#8211; Panamericano: Casco Central de Coloncito.<\/p>\n\n\n\n<p>&#8211; Independencia: Casco Central Capacho Nuevo.<\/p>\n\n\n\n<p>&#8211; Rafael Urdaneta: Casco Central de Delicias.<\/p>\n\n\n\n<p>&#8211; Jun\u00edn: Casco Central de Rubio.<\/p>\n\n\n\n<p>&#8211; C\u00e1rdenas: Casco Central de T\u00e1riba.<\/p>\n\n\n\n<p><strong>Jueves 05 de marzo<\/strong><\/p>\n\n\n\n<p>&#8211; Garc\u00eda de Hevia: Casco Central de La Fr\u00eda.<\/p>\n\n\n\n<p>&#8211; C\u00f3rdoba: Casco Central de Santa Ana.<\/p>\n\n\n\n<p>&#8211; Bol\u00edvar: Casco Central de San Antonio.<\/p>\n\n\n\n<p>&#8211; Pedro Mar\u00eda Ure\u00f1a: Casco central de Ure\u00f1a.<\/p>\n\n\n\n<p>&#8211; J\u00e1uregui: Casco Central de La Grita.<\/p>\n\n\n\n<p>&#8211; Ayacucho: Casco Central de Col\u00f3n.<\/p>\n\n\n\n<p>&#8211; San Crist\u00f3bal: Parroquias San Juan Bautista, Pedro Mar\u00eda Morantes de San Crist\u00f3bal.<\/p>\n\n\n\n<p>&#8211; Panamericano: Casco Central de Coloncito.<\/p>\n\n\n\n<p>&#8211; Independencia: Casco Central Capacho Nuevo.<\/p>\n\n\n\n<p>&#8211; Rafael Urdaneta: Casco Central de Delicias.<\/p>\n\n\n\n<p>&#8211; Jun\u00edn: Casco Central de Rubio.<\/p>\n\n\n\n<p>&#8211; C\u00e1rdenas: Casco Central de T\u00e1riba.<\/p>\n\n\n\n<p><strong>Viernes 06 de marzo<\/strong><\/p>\n\n\n\n<p>&#8211; Garc\u00eda de Hevia: Casco Central de La Fr\u00eda.<\/p>\n\n\n\n<p>&#8211; C\u00f3rdoba: Casco Central de Santa Ana.<\/p>\n\n\n\n<p>&#8211; Bol\u00edvar: Casco Central de San Antonio.<\/p>\n\n\n\n<p>&#8211; Pedro Mar\u00eda Ure\u00f1a: Casco Central de Ure\u00f1a.<\/p>\n\n\n\n<p>&#8211; Fern\u00e1ndez Feo: Casco Central de El Pi\u00f1al.<\/p>\n\n\n\n<p>&#8211; J\u00e1uregui: Casco Central de La Grita.<\/p>\n\n\n\n<p>&#8211; Sucre: Casco Central de Queniquea.<\/p>\n\n\n\n<p>&#8211; Ayacucho: Casco Central de Col\u00f3n.<\/p>\n\n\n\n<p>&#8211; San Crist\u00f3bal: Parroquias San Juan Bautista, Pedro Mar\u00eda Morantes de San Crist\u00f3bal.<\/p>\n\n\n\n<p>&#8211; Panamericano: Casco Central de Coloncito.<\/p>\n\n\n\n<p>&#8211; Independencia: Casco Central Capacho Nuevo.<\/p>\n\n\n\n<p>&#8211; Rafael Urdaneta: Casco Central de Delicias.<\/p>\n\n\n\n<p>&#8211; Jun\u00edn: Casco Central de Rubio.<\/p>\n\n\n\n<p>&#8211; C\u00e1rdenas: Casco Central de T\u00e1riba.<\/p>\n\n\n\n<p>Para m\u00e1s informaci\u00f3n sobre las Jornadas Integrales de Atenci\u00f3n al Usuario, puede consultar la cuenta @corpoelecinfo en Instagram o visitar la p\u00e1gina Corpoelec Informa en Facebook.<\/p>\n\n\n\n<p><strong>Prensa MPPEE-CORPOELEC<\/strong><\/p>\n\n\n\n<p><\/p>\n","protected":false},"excerpt":{"rendered":"<p>Estado T\u00e1chira.- Desde este mi\u00e9rcoles 04 hasta el viernes 06 de marzo, la Corporaci\u00f3n El\u00e9ctrica Nacional (CORPOELEC) se desplegar\u00e1 en<\/p>\n","protected":false},"author":24,"featured_media":104196,"comment_status":"closed","ping_status":"closed","sticky":false,"template":"","format":"standard","meta":{"footnotes":""},"categories":[30],"tags":[2691,11,2700],"class_list":["post-104830","post","type-post","status-publish","format-standard","has-post-thumbnail","hentry","category-regionales","tag-corpoelec","tag-mppee","tag-tachira"],"_links":{"self":[{"href":"https:\/\/mppee.gob.ve\/index.php?rest_route=\/wp\/v2\/posts\/104830","targetHints":{"allow":["GET"]}}],"collection":[{"href":"https:\/\/mppee.gob.ve\/index.php?rest_route=\/wp\/v2\/posts"}],"about":[{"href":"https:\/\/mppee.gob.ve\/index.php?rest_route=\/wp\/v2\/types\/post"}],"author":[{"embeddable":true,"href":"https:\/\/mppee.gob.ve\/index.php?rest_route=\/wp\/v2\/users\/24"}],"replies":[{"embeddable":true,"href":"https:\/\/mppee.gob.ve\/index.php?rest_route=%2Fwp%2Fv2%2Fcomments&post=104830"}],"version-history":[{"count":2,"href":"https:\/\/mppee.gob.ve\/index.php?rest_route=\/wp\/v2\/posts\/104830\/revisions"}],"predecessor-version":[{"id":104900,"href":"https:\/\/mppee.gob.ve\/index.php?rest_route=\/wp\/v2\/posts\/104830\/revisions\/104900"}],"wp:featuredmedia":[{"embeddable":true,"href":"https:\/\/mppee.gob.ve\/index.php?rest_route=\/wp\/v2\/media\/104196"}],"wp:attachment":[{"href":"https:\/\/mppee.gob.ve\/index.php?rest_route=%2Fwp%2Fv2%2Fmedia&parent=104830"}],"wp:term":[{"taxonomy":"category","embeddable":true,"href":"https:\/\/mppee.gob.ve\/index.php?rest_route=%2Fwp%2Fv2%2Fcategories&post=104830"},{"taxonomy":"post_tag","embeddable":true,"href":"https:\/\/mppee.gob.ve\/index.php?rest_route=%2Fwp%2Fv2%2Ftags&post=104830"}],"curies":[{"name":"wp","href":"https:\/\/api.w.org\/{rel}","templated":true}]}}