{"id":105030,"date":"2026-03-09T17:52:41","date_gmt":"2026-03-09T17:52:41","guid":{"rendered":"https:\/\/mppee.gob.ve\/?p=105030"},"modified":"2026-03-09T17:53:20","modified_gmt":"2026-03-09T17:53:20","slug":"continuan-labores-de-despeje-del-tunel-guamacan-en-cumana","status":"publish","type":"post","link":"https:\/\/mppee.gob.ve\/?p=105030","title":{"rendered":"Contin\u00faan labores de despeje del t\u00fanel Guamac\u00e1n en Cuman\u00e1"},"content":{"rendered":"\n<p><strong>Estos Sucre.-<\/strong>&nbsp;Luego de una inspecci\u00f3n al sistema h\u00eddrico en Cuman\u00e1, el Gobierno Bolivariano ha confirmado los avances para lograr la normalizaci\u00f3n del suministro de agua en los estados Sucre y Nueva Esparta.<\/p>\n\n\n\n<p>El foco de atenci\u00f3n se encuentra en el T\u00fanel Guamac\u00e1n, una arteria vital de 12.5 kil\u00f3metros que conecta el embalse Turimiquire que atiende con el suministro del vital l\u00edquido a las poblaciones de Cuman\u00e1, Araya, Marig\u00fcitar y la Isla de Margarita.<\/p>\n\n\n\n<p>La interrupci\u00f3n del flujo, que fue provocada por dos deslizamientos de tierra detectados a la altura del kil\u00f3metro 6 del t\u00fanel, contin\u00faa siendo atendida por los equipos del Gobierno nacional que han hecho presencia en la zona desde el primer momento.<\/p>\n\n\n\n<p>El vicepresidente de Obras P\u00fablicas y Servicios, Jorge M\u00e1rquez, y el ministro de Atenci\u00f3n a las Aguas, Carlos Mast Yustiz, junto a los trabajadores han laborado sin pausa, en condiciones exigentes para despejar el camino del agua.<\/p>\n\n\n\n<p>En este sentido, luego de un pase de revista en la zona afectada, M\u00e1rquez afirm\u00f3 que por instrucciones de la presidenta (E), Delcy Rodr\u00edguez, permanece la ejecuci\u00f3n de labores en dicho sector en el que \u00abhubo dos deslizamientos de tierra y ya uno fue removido. Desde el sitio en donde se encuentra el segundo deslizamiento se visualiza una gran cantidad de sedimentos que est\u00e1n obstruyendo el paso del agua\u00bb, explic\u00f3.<\/p>\n\n\n\n<p>Por su parte, el Ministro de Aguas, indic\u00f3 que gracias a los esfuerzos del equipo humano presente en el \u00e1rea \u00abdurante los \u00faltimos d\u00edas se ha llevado a cabo la remoci\u00f3n de estos escombros de forma r\u00e1pida y ya fue removida la primera obstrucci\u00f3n\u00bb.<\/p>\n\n\n\n<p>Pese a los deslizamientos, las autoridades destacaron que la estructura del t\u00fanel \u00abse encuentra estable\u00bb por lo que no presenta riesgos de colapso.<\/p>\n\n\n\n<p>El Vicepresidente de Obras P\u00fablicas y Servicios destac\u00f3 que, para el d\u00eda martes 10 de marzo, se prev\u00e9 que la subestaci\u00f3n Cuman\u00e1 pueda entrar en pleno funcionamiento, y sumar a\u00fan m\u00e1s al trabajo de normalizaci\u00f3n del servicio de agua, gracias al flujo proveniente de los r\u00edos Manzanares y Cancamure, claves para estabilizar la red en las pr\u00f3ximas horas.<\/p>\n\n\n\n<p>Mientras contin\u00faan las maniobras dentro del t\u00fanel y este queda despejado al 100%, se mantendr\u00e1 activo el operativo especial de contingencia en el estado Nueva Esparta, a fin de garantizar que el recurso h\u00eddrico llegue a las comunidades insulares.<\/p>\n\n\n\n<p>Con empe\u00f1o y gran esfuerzo el Gobierno Bolivariano, junto a los trabajadores y el Poder Popular, trabaja sin descanso subterr\u00e1neamente y contra el reloj, para devolver la cotidianidad a los hogares orientales.<\/p>\n\n\n\n<p><strong>Prensa MPPEE-CORPOELEC \/ Mar\u00eda Mercedes Noguera<\/strong><strong><\/strong><\/p>\n","protected":false},"excerpt":{"rendered":"<p>Estos Sucre.-&nbsp;Luego de una inspecci\u00f3n al sistema h\u00eddrico en Cuman\u00e1, el Gobierno Bolivariano ha confirmado los avances para lograr la<\/p>\n","protected":false},"author":22,"featured_media":105032,"comment_status":"closed","ping_status":"closed","sticky":false,"template":"","format":"standard","meta":{"footnotes":""},"categories":[15],"tags":[2806,2727,2693,46,327],"class_list":["post-105030","post","type-post","status-publish","format-standard","has-post-thumbnail","hentry","category-nacionales","tag-agua","tag-nueva-esparta","tag-sucre","tag-venezuela","tag-vsops"],"_links":{"self":[{"href":"https:\/\/mppee.gob.ve\/index.php?rest_route=\/wp\/v2\/posts\/105030","targetHints":{"allow":["GET"]}}],"collection":[{"href":"https:\/\/mppee.gob.ve\/index.php?rest_route=\/wp\/v2\/posts"}],"about":[{"href":"https:\/\/mppee.gob.ve\/index.php?rest_route=\/wp\/v2\/types\/post"}],"author":[{"embeddable":true,"href":"https:\/\/mppee.gob.ve\/index.php?rest_route=\/wp\/v2\/users\/22"}],"replies":[{"embeddable":true,"href":"https:\/\/mppee.gob.ve\/index.php?rest_route=%2Fwp%2Fv2%2Fcomments&post=105030"}],"version-history":[{"count":1,"href":"https:\/\/mppee.gob.ve\/index.php?rest_route=\/wp\/v2\/posts\/105030\/revisions"}],"predecessor-version":[{"id":105033,"href":"https:\/\/mppee.gob.ve\/index.php?rest_route=\/wp\/v2\/posts\/105030\/revisions\/105033"}],"wp:featuredmedia":[{"embeddable":true,"href":"https:\/\/mppee.gob.ve\/index.php?rest_route=\/wp\/v2\/media\/105032"}],"wp:attachment":[{"href":"https:\/\/mppee.gob.ve\/index.php?rest_route=%2Fwp%2Fv2%2Fmedia&parent=105030"}],"wp:term":[{"taxonomy":"category","embeddable":true,"href":"https:\/\/mppee.gob.ve\/index.php?rest_route=%2Fwp%2Fv2%2Fcategories&post=105030"},{"taxonomy":"post_tag","embeddable":true,"href":"https:\/\/mppee.gob.ve\/index.php?rest_route=%2Fwp%2Fv2%2Ftags&post=105030"}],"curies":[{"name":"wp","href":"https:\/\/api.w.org\/{rel}","templated":true}]}}