{"id":105043,"date":"2026-03-09T21:33:30","date_gmt":"2026-03-09T21:33:30","guid":{"rendered":"https:\/\/mppee.gob.ve\/?p=105043"},"modified":"2026-03-10T13:55:16","modified_gmt":"2026-03-10T13:55:16","slug":"agentes-de-atencion-al-usuario-brindaran-asesoria-a-usuarios-residenciales-y-comerciales-en-municipios-tachirenses","status":"publish","type":"post","link":"https:\/\/mppee.gob.ve\/?p=105043","title":{"rendered":"Agentes de atenci\u00f3n brindar\u00e1n asesor\u00eda a usuarios residenciales y comerciales en municipios tachirenses"},"content":{"rendered":"\n<p><strong>Estado T\u00e1chira.- <\/strong>Con el prop\u00f3sito de seguir promoviendo la cultura de pago, la Corporaci\u00f3n El\u00e9ctrica Nacional (CORPOELEC), se desplegar\u00e1 desde este martes 10 hasta el viernes 13 de marzo por 18 municipios tachirenses. <\/p>\n\n\n\n<p>Durante las jornadas, los usuarios contar\u00e1n con asesor\u00eda en materia de actualizaci\u00f3n de datos, notificaci\u00f3n de deudas, recepci\u00f3n de reclamos y pago de facturas del servicio el\u00e9ctrico a trav\u00e9s de punto de venta. <\/p>\n\n\n\n<p>Los agentes comerciales atender\u00e1n en un horario comprendido entre las 8:00 de la ma\u00f1ana y las 4:00 de la tarde en los siguientes municipios: <\/p>\n\n\n\n<p><strong>Martes 10 de marzo<\/strong><\/p>\n\n\n\n<p>Garc\u00eda de Hevia: casco central de La Fr\u00eda. <\/p>\n\n\n\n<p>C\u00f3rdoba: Casco central de Santa Ana. <\/p>\n\n\n\n<p>Bol\u00edvar: casco central de San Antonio. <\/p>\n\n\n\n<p>Pedro Mar\u00eda Ure\u00f1a: casco central de Ure\u00f1a. <\/p>\n\n\n\n<p>Fern\u00e1ndez Feo: casco central de El Pi\u00f1al. <\/p>\n\n\n\n<p>J\u00e1uregui: casco central de La Grita. <\/p>\n\n\n\n<p>Ayacucho: casco central de Col\u00f3n.<\/p>\n\n\n\n<p>San Judas Tadeo: casco central de Umuquena. <\/p>\n\n\n\n<p>Independencia: casco central Capacho Nuevo. <\/p>\n\n\n\n<p>San Crist\u00f3bal:\u00a0 Parroquias San Juan Bautista y La Concordia de San Crist\u00f3bal. <\/p>\n\n\n\n<p>Rafael Urdaneta: casco central de Delicias. <\/p>\n\n\n\n<p>Jun\u00edn: casco central de Rubio. <\/p>\n\n\n\n<p>C\u00e1rdenas: Casco central de T\u00e1riba. <\/p>\n\n\n\n<p><strong>Mi\u00e9rcoles 11 de marzo <\/strong><\/p>\n\n\n\n<p>Garc\u00eda de Hevia: casco central de La Fr\u00eda. <\/p>\n\n\n\n<p>C\u00f3rdoba: Casco central de Santa Ana. <\/p>\n\n\n\n<p>Bol\u00edvar: casco central de San Antonio. <\/p>\n\n\n\n<p>Uribante: casco central de Pregonero. <\/p>\n\n\n\n<p>Pedro Mar\u00eda Ure\u00f1a: casco central de Ure\u00f1a. <\/p>\n\n\n\n<p>Fern\u00e1ndez Feo: casco central de El Pi\u00f1al. <\/p>\n\n\n\n<p>J\u00e1uregui: casco central de La Grita. <\/p>\n\n\n\n<p>Libertador: casco central de Abejales. <\/p>\n\n\n\n<p>Ayacucho: casco central de Col\u00f3n. <\/p>\n\n\n\n<p>San Crist\u00f3bal:\u00a0 Parroquias San Juan Bautista y La Concordia de San Crist\u00f3bal. <\/p>\n\n\n\n<p>Panamericano: Casco central de Coloncito. <\/p>\n\n\n\n<p>San Judas Tadeo: casco central de Umuquena. <\/p>\n\n\n\n<p>Independencia: casco central Capacho Nuevo. <\/p>\n\n\n\n<p>Rafael Urdaneta: casco central de Delicias. <\/p>\n\n\n\n<p>Junin: casco central de Rubio.<\/p>\n\n\n\n<p>C\u00e1rdenas: Casco central de T\u00e1riba. <\/p>\n\n\n\n<p><strong>Jueves 12 de marzo<\/strong><\/p>\n\n\n\n<p>Garc\u00eda de Hevia: casco central de La Fr\u00eda. <\/p>\n\n\n\n<p>C\u00f3rdoba: Casco central de Santa Ana. <\/p>\n\n\n\n<p>Bol\u00edvar: casco central de San Antonio. <\/p>\n\n\n\n<p>Pedro Mar\u00eda Ure\u00f1a: casco central de Ure\u00f1a. <\/p>\n\n\n\n<p>J\u00e1uregui: casco central de La Grita. <\/p>\n\n\n\n<p>Libertador: casco central de Abejales. <\/p>\n\n\n\n<p>Ayacucho: casco central de Col\u00f3n. <\/p>\n\n\n\n<p>San Crist\u00f3bal:\u00a0 Parroquias San Juan Bautista y La Concordia de San Crist\u00f3bal. <\/p>\n\n\n\n<p>Panamericano: Casco central de Coloncito.<\/p>\n\n\n\n<p>Independencia: casco central Capacho Nuevo. <\/p>\n\n\n\n<p>Rafael Urdaneta: casco central de Delicias. <\/p>\n\n\n\n<p>Junin: casco central de Rubio. <\/p>\n\n\n\n<p>C\u00e1rdenas: Casco central de T\u00e1riba. <\/p>\n\n\n\n<p><strong>Viernes 13 de marzo <\/strong><\/p>\n\n\n\n<p>Garc\u00eda de Hevia: casco central de La Fr\u00eda. <\/p>\n\n\n\n<p>C\u00f3rdoba: Casco central de Santa Ana. <\/p>\n\n\n\n<p>Bol\u00edvar: casco central de San Antonio. <\/p>\n\n\n\n<p>Pedro Mar\u00eda Ure\u00f1a: casco central de Ure\u00f1a.<\/p>\n\n\n\n<p> J\u00e1uregui: casco central de La Grita. <\/p>\n\n\n\n<p>Sucre: casco central de Queniquea. <\/p>\n\n\n\n<p>Ayacucho: casco central de Col\u00f3n. <\/p>\n\n\n\n<p>San Crist\u00f3bal:\u00a0 Parroquias San Juan Bautista y La Concordia de San Crist\u00f3bal. <\/p>\n\n\n\n<p>Panamericano: Casco central de Coloncito. <\/p>\n\n\n\n<p>Independencia: casco central Capacho Nuevo. <\/p>\n\n\n\n<p>Rafael Urdaneta: casco central de Delicias. <\/p>\n\n\n\n<p>Junin: casco central de Rubio. <\/p>\n\n\n\n<p>C\u00e1rdenas: Casco central de T\u00e1riba. <\/p>\n\n\n\n<p>Para m\u00e1s informaci\u00f3n sobre las Jornadas Integrales de Atenci\u00f3n al Usuario, puede consultar la cuenta <a href=\"https:\/\/t.me\/corpoelecinfo\">@corpoelecinfo<\/a> en Instagram o visitar la p\u00e1gina CORPOELEC Informa en Facebook.<\/p>\n\n\n\n<p><strong>Prensa MPPEE-CORPOELEC<\/strong><\/p>\n\n\n\n<p><\/p>\n","protected":false},"excerpt":{"rendered":"<p>Estado T\u00e1chira.- Con el prop\u00f3sito de seguir promoviendo la cultura de pago, la Corporaci\u00f3n El\u00e9ctrica Nacional (CORPOELEC), se desplegar\u00e1 desde<\/p>\n","protected":false},"author":22,"featured_media":105050,"comment_status":"closed","ping_status":"closed","sticky":false,"template":"","format":"standard","meta":{"footnotes":""},"categories":[30],"tags":[2691,11,2744,2700,46],"class_list":["post-105043","post","type-post","status-publish","format-standard","has-post-thumbnail","hentry","category-regionales","tag-corpoelec","tag-mppee","tag-sen","tag-tachira","tag-venezuela"],"_links":{"self":[{"href":"https:\/\/mppee.gob.ve\/index.php?rest_route=\/wp\/v2\/posts\/105043","targetHints":{"allow":["GET"]}}],"collection":[{"href":"https:\/\/mppee.gob.ve\/index.php?rest_route=\/wp\/v2\/posts"}],"about":[{"href":"https:\/\/mppee.gob.ve\/index.php?rest_route=\/wp\/v2\/types\/post"}],"author":[{"embeddable":true,"href":"https:\/\/mppee.gob.ve\/index.php?rest_route=\/wp\/v2\/users\/22"}],"replies":[{"embeddable":true,"href":"https:\/\/mppee.gob.ve\/index.php?rest_route=%2Fwp%2Fv2%2Fcomments&post=105043"}],"version-history":[{"count":3,"href":"https:\/\/mppee.gob.ve\/index.php?rest_route=\/wp\/v2\/posts\/105043\/revisions"}],"predecessor-version":[{"id":105057,"href":"https:\/\/mppee.gob.ve\/index.php?rest_route=\/wp\/v2\/posts\/105043\/revisions\/105057"}],"wp:featuredmedia":[{"embeddable":true,"href":"https:\/\/mppee.gob.ve\/index.php?rest_route=\/wp\/v2\/media\/105050"}],"wp:attachment":[{"href":"https:\/\/mppee.gob.ve\/index.php?rest_route=%2Fwp%2Fv2%2Fmedia&parent=105043"}],"wp:term":[{"taxonomy":"category","embeddable":true,"href":"https:\/\/mppee.gob.ve\/index.php?rest_route=%2Fwp%2Fv2%2Fcategories&post=105043"},{"taxonomy":"post_tag","embeddable":true,"href":"https:\/\/mppee.gob.ve\/index.php?rest_route=%2Fwp%2Fv2%2Ftags&post=105043"}],"curies":[{"name":"wp","href":"https:\/\/api.w.org\/{rel}","templated":true}]}}