{"id":105055,"date":"2026-03-10T15:29:02","date_gmt":"2026-03-10T15:29:02","guid":{"rendered":"https:\/\/mppee.gob.ve\/?p=105055"},"modified":"2026-03-10T15:30:24","modified_gmt":"2026-03-10T15:30:24","slug":"trujillanos-seran-atendidos-en-jornadas-integrales-de-atencion-al-usuario","status":"publish","type":"post","link":"https:\/\/mppee.gob.ve\/?p=105055","title":{"rendered":"Trujillanos ser\u00e1n atendidos en Jornadas Integrales de Atenci\u00f3n al Usuario"},"content":{"rendered":"\n<p><strong>Estado Trujillo.-<\/strong> La clase trabajadora de la Corporaci\u00f3n El\u00e9ctrica Nacional (CORPOELEC), se desplegar\u00e1 desde este mi\u00e9rcoles 11 al s\u00e1bado 14 de marzo, en municipios del estado Trujillo, para brindar atenci\u00f3n personalizada a usuarios residenciales y comerciales de la entidad.<\/p>\n\n\n\n<p>Desde las 09:00 de la ma\u00f1ana hasta las 04:00 de la tarde, los stands estar\u00e1n ubicados en los siguientes municipios, con el prop\u00f3sito de ofrecer asesor\u00eda para realizar el pago oportuno de facturas del servicio el\u00e9ctrico, actualizar datos y recibir notificaci\u00f3n de deudas, entre otros tr\u00e1mites.<\/p>\n\n\n\n<p>A continuaci\u00f3n, conozca los puntos donde estar\u00e1n ubicados los stands:<\/p>\n\n\n\n<p>&#8211; Municipio Valera, parroquias San Luis, Mercedes D\u00edaz y Juan Ignacio Montilla.<\/p>\n\n\n\n<p>&#8211; Municipio Pamp\u00e1n, parroquia Pamp\u00e1n.<\/p>\n\n\n\n<p>&#8211; Municipio Bocon\u00f3, parroquias Bocon\u00f3 y El Carmen.<\/p>\n\n\n\n<p>&#8211; Municipio Trujillo, parroquias Chiquinquir\u00e1 y Matriz.<\/p>\n\n\n\n<p>&#8211; Municipio Sucre, parroquia Sabana de Mendoza.<\/p>\n\n\n\n<p>Para mayor informaci\u00f3n sobre las Jornadas Integrales de Atenci\u00f3n al Usuario, puedes visitar la cuenta oficial de la red social de Instagram @corpoelecinfo.<\/p>\n\n\n\n<p><strong>Prensa MPPEE-CORPOELEC<\/strong><\/p>\n\n\n\n<p><\/p>\n","protected":false},"excerpt":{"rendered":"<p>Estado Trujillo.- La clase trabajadora de la Corporaci\u00f3n El\u00e9ctrica Nacional (CORPOELEC), se desplegar\u00e1 desde este mi\u00e9rcoles 11 al s\u00e1bado 14<\/p>\n","protected":false},"author":24,"featured_media":104331,"comment_status":"closed","ping_status":"closed","sticky":false,"template":"","format":"standard","meta":{"footnotes":""},"categories":[30],"tags":[2691,3587,11,2702],"class_list":["post-105055","post","type-post","status-publish","format-standard","has-post-thumbnail","hentry","category-regionales","tag-corpoelec","tag-jornadas-integrales-de-atencion-al-usuario","tag-mppee","tag-trujillo"],"_links":{"self":[{"href":"https:\/\/mppee.gob.ve\/index.php?rest_route=\/wp\/v2\/posts\/105055","targetHints":{"allow":["GET"]}}],"collection":[{"href":"https:\/\/mppee.gob.ve\/index.php?rest_route=\/wp\/v2\/posts"}],"about":[{"href":"https:\/\/mppee.gob.ve\/index.php?rest_route=\/wp\/v2\/types\/post"}],"author":[{"embeddable":true,"href":"https:\/\/mppee.gob.ve\/index.php?rest_route=\/wp\/v2\/users\/24"}],"replies":[{"embeddable":true,"href":"https:\/\/mppee.gob.ve\/index.php?rest_route=%2Fwp%2Fv2%2Fcomments&post=105055"}],"version-history":[{"count":1,"href":"https:\/\/mppee.gob.ve\/index.php?rest_route=\/wp\/v2\/posts\/105055\/revisions"}],"predecessor-version":[{"id":105062,"href":"https:\/\/mppee.gob.ve\/index.php?rest_route=\/wp\/v2\/posts\/105055\/revisions\/105062"}],"wp:featuredmedia":[{"embeddable":true,"href":"https:\/\/mppee.gob.ve\/index.php?rest_route=\/wp\/v2\/media\/104331"}],"wp:attachment":[{"href":"https:\/\/mppee.gob.ve\/index.php?rest_route=%2Fwp%2Fv2%2Fmedia&parent=105055"}],"wp:term":[{"taxonomy":"category","embeddable":true,"href":"https:\/\/mppee.gob.ve\/index.php?rest_route=%2Fwp%2Fv2%2Fcategories&post=105055"},{"taxonomy":"post_tag","embeddable":true,"href":"https:\/\/mppee.gob.ve\/index.php?rest_route=%2Fwp%2Fv2%2Ftags&post=105055"}],"curies":[{"name":"wp","href":"https:\/\/api.w.org\/{rel}","templated":true}]}}