{"id":105082,"date":"2026-03-10T23:01:32","date_gmt":"2026-03-10T23:01:32","guid":{"rendered":"https:\/\/mppee.gob.ve\/?p=105082"},"modified":"2026-03-12T13:34:41","modified_gmt":"2026-03-12T13:34:41","slug":"corpoelec-brindara-asesoria-a-usuarios-de-la-guaira-este-11-m","status":"publish","type":"post","link":"https:\/\/mppee.gob.ve\/?p=105082","title":{"rendered":"Usuarios de las parroquias Caraballeda y Urimare recibir\u00e1n atenci\u00f3n integral"},"content":{"rendered":"\n<p><strong>Estado La Guaira.- <\/strong>La clase trabajadora de la Corporaci\u00f3n El\u00e9ctrica Nacional (CORPOELEC) se desplegar\u00e1 este jueves 12 y viernes 13 de marzo, en los sectores Urbanismo Los Corales, Opppe 74 Los Corales, Urbanizaci\u00f3n Parque Mar, avenida La Costanera y Urbanismo Hugo Ch\u00e1vez de Playa Grande, de las parroquias Caraballeda y Urimare del estado La Guaira, respectivamente.<\/p>\n\n\n\n<p>La jornada, que se realizar\u00e1 entre las 9:00 de la ma\u00f1ana y las 4:00 de la tarde, permitir\u00e1 a los interesados obtener actualizaci\u00f3n de datos, notificaci\u00f3n de deuda, recepci\u00f3n de reclamos, verificaci\u00f3n de conexiones, asesor\u00eda de pago por Banca en L\u00ednea y pago de factura, bajo la modalidad de puntos de venta.<\/p>\n\n\n\n<p>Los puntos de atenci\u00f3n al usuario estar\u00e1n ubicados en:<\/p>\n\n\n\n<p>&#8211; Jueves 12 de marzo: Centro Integral de Atenci\u00f3n al Usuario (CIAU), avenida La Costanera, El Caribe, parroquia Caraballeda, municipio Vargas.<\/p>\n\n\n\n<p>&#8211; Viernes 13 de marzo: Urbanismo Hugo Ch\u00e1vez de Playa Grande, parroquia Urimare, municipio Vargas.<\/p>\n\n\n\n<p>Para m\u00e1s informaci\u00f3n sobre las Jornadas Integrales de Atenci\u00f3n al Usuario, puede consultar la cuenta @corpoelecinfo en Instagram o visitar la p\u00e1gina de Corpoelec Informa en Facebook.<\/p>\n\n\n\n<p><strong>Prensa MPPEE-CORPOELEC<\/strong><\/p>\n","protected":false},"excerpt":{"rendered":"<p>Estado La Guaira.- La clase trabajadora de la Corporaci\u00f3n El\u00e9ctrica Nacional (CORPOELEC) se desplegar\u00e1 este jueves 12 y viernes 13<\/p>\n","protected":false},"author":22,"featured_media":104410,"comment_status":"closed","ping_status":"closed","sticky":false,"template":"","format":"standard","meta":{"footnotes":""},"categories":[30],"tags":[2691,2743,11,2744,46],"class_list":["post-105082","post","type-post","status-publish","format-standard","has-post-thumbnail","hentry","category-regionales","tag-corpoelec","tag-la-guaira","tag-mppee","tag-sen","tag-venezuela"],"_links":{"self":[{"href":"https:\/\/mppee.gob.ve\/index.php?rest_route=\/wp\/v2\/posts\/105082","targetHints":{"allow":["GET"]}}],"collection":[{"href":"https:\/\/mppee.gob.ve\/index.php?rest_route=\/wp\/v2\/posts"}],"about":[{"href":"https:\/\/mppee.gob.ve\/index.php?rest_route=\/wp\/v2\/types\/post"}],"author":[{"embeddable":true,"href":"https:\/\/mppee.gob.ve\/index.php?rest_route=\/wp\/v2\/users\/22"}],"replies":[{"embeddable":true,"href":"https:\/\/mppee.gob.ve\/index.php?rest_route=%2Fwp%2Fv2%2Fcomments&post=105082"}],"version-history":[{"count":2,"href":"https:\/\/mppee.gob.ve\/index.php?rest_route=\/wp\/v2\/posts\/105082\/revisions"}],"predecessor-version":[{"id":105125,"href":"https:\/\/mppee.gob.ve\/index.php?rest_route=\/wp\/v2\/posts\/105082\/revisions\/105125"}],"wp:featuredmedia":[{"embeddable":true,"href":"https:\/\/mppee.gob.ve\/index.php?rest_route=\/wp\/v2\/media\/104410"}],"wp:attachment":[{"href":"https:\/\/mppee.gob.ve\/index.php?rest_route=%2Fwp%2Fv2%2Fmedia&parent=105082"}],"wp:term":[{"taxonomy":"category","embeddable":true,"href":"https:\/\/mppee.gob.ve\/index.php?rest_route=%2Fwp%2Fv2%2Fcategories&post=105082"},{"taxonomy":"post_tag","embeddable":true,"href":"https:\/\/mppee.gob.ve\/index.php?rest_route=%2Fwp%2Fv2%2Ftags&post=105082"}],"curies":[{"name":"wp","href":"https:\/\/api.w.org\/{rel}","templated":true}]}}