{"id":105087,"date":"2026-03-11T14:31:22","date_gmt":"2026-03-11T14:31:22","guid":{"rendered":"https:\/\/mppee.gob.ve\/?p=105087"},"modified":"2026-03-11T14:32:25","modified_gmt":"2026-03-11T14:32:25","slug":"brindan-atencion-integral-a-usuarios-anzoatiguenses","status":"publish","type":"post","link":"https:\/\/mppee.gob.ve\/?p=105087","title":{"rendered":"Brindan atenci\u00f3n integral a usuarios anzoatiguenses"},"content":{"rendered":"\n<p><strong>Estado Anzo\u00e1tegui.-<\/strong> Este mi\u00e9rcoles 11 y jueves 12 de marzo, la Corporaci\u00f3n El\u00e9ctrica Nacional (CORPOELEC) efectuar\u00e1 jornadas integrales en los municipios anzoatiguenses, en aras de brindar asesor\u00eda sobre el servicio de energ\u00eda el\u00e9ctrica en la entidad.<\/p>\n\n\n\n<p>Durante el despliegue, la estatal dispondr\u00e1 de puntos de m\u00f3viles a trav\u00e9s de los cuales los usuarios podr\u00e1n realizar actualizaci\u00f3n de datos, notificaci\u00f3n de deudas, as\u00ed como tambi\u00e9n cancelar su factura por consumo, en un horario comprendido entre las 8:00 de la ma\u00f1ana y las 02:00 de la tarde.<\/p>\n\n\n\n<p>Consulta aqu\u00ed los municipios y sectores donde estar\u00e1n ubicados los stands:<\/p>\n\n\n\n<p><strong>Mi\u00e9rcoles 11 de marzo:<\/strong><\/p>\n\n\n\n<p>&#8211; Municipios: Sim\u00f3n Bol\u00edvar: Avenida Cumanagoto y calles Sucre y Guayaquil en Barcelona.<\/p>\n\n\n\n<p>&#8211; Diego Bautista Urbaneja: Calle Arismendi de Lecher\u00eda.<\/p>\n\n\n\n<p>&#8211; Juan Antonio Sotillo: Calle Juncal del Casco Central de Puerto La Cruz.<\/p>\n\n\n\n<p>&#8211; Sim\u00f3n Rodr\u00edguez: Avenida Francisco de Mirada de El Tigre.<\/p>\n\n\n\n<p>&#8211; San Jos\u00e9 de Guanipa: Avenida Fern\u00e1ndez Padilla de Guanipa.<\/p>\n\n\n\n<p>&#8211; Anaco: Buena Vista, avenida Jos\u00e9 Antonio Anzo\u00e1tegui, Calle HP, portuguesa, Piar y Las Brisas.<\/p>\n\n\n\n<p>&#8211; Pedro Mar\u00eda Freites: Calle Carabobo de Cantaura.<\/p>\n\n\n\n<p>&#8211; Aragua: Sector La Cruz de Aragua de Barcelona.&nbsp;<\/p>\n\n\n\n<p>&#8211; P\u00edritu: Avenida Principal del Tejar.&nbsp;<\/p>\n\n\n\n<p>&#8211; Manuel Ezequiel Bruzual: Avenida Fern\u00e1ndez Padilla de Clarines<\/p>\n\n\n\n<p>&#8211; Francisco de Mirada: Vista al Sol calle Principal en Pariagu\u00e1n.<\/p>\n\n\n\n<p><strong>Jueves 12 de marzo:<\/strong><\/p>\n\n\n\n<p>&#8211; Municipios: Sim\u00f3n Bol\u00edvar: Avenida Pedro Mar\u00eda Freites y en las urbanizaciones Boyac\u00e1 II-IV-V en Barcelona.<\/p>\n\n\n\n<p>&#8211; Diego Bautista Urbaneja: Calle Camaiguana de Lecher\u00eda.<\/p>\n\n\n\n<p>&#8211; Juan Antonio Sotillo: Calle Freites del Casco Central de Puerto La Cruz.<\/p>\n\n\n\n<p>&#8211; Sim\u00f3n Rodr\u00edguez: Avenida Libertador de El Tigre.<\/p>\n\n\n\n<p>&#8211; San Jos\u00e9 de Guanipa: Centros Comerciales Malaver I-II en Guanipa.<\/p>\n\n\n\n<p>&#8211; Anaco: Avenida Jos\u00e9 Antonio Anzo\u00e1tegui, Calles 24 de Julio, 12 de Octubre y 17 de Diciembre en Anaco.<\/p>\n\n\n\n<p>&#8211; Pedro Mar\u00eda Freites: Avenida Bol\u00edvar de Cantaura.<\/p>\n\n\n\n<p>&#8211; Aragua: Calle Juncal de Aragua de Barcelona.&nbsp;<\/p>\n\n\n\n<p>&#8211; P\u00edritu: Avenida Pe\u00f1alver y calle El Cementerio.<\/p>\n\n\n\n<p>&#8211; Manuel Ezequiel Bruzual: Avenida Fern\u00e1ndez Padilla de Clarines.<\/p>\n\n\n\n<p>&#8211; Francisco de Mirada: Villa Clara, calle Miranda.<\/p>\n\n\n\n<p>Para conocer m\u00e1s detalles de estas jornadas, puede visitar las redes @corpoelecinfo en Instagram o la p\u00e1gina Corpoelec informa en Facebook.<\/p>\n\n\n\n<p><strong>Prensa MPPEE-CORPOELEC<\/strong><\/p>\n","protected":false},"excerpt":{"rendered":"<p>Estado Anzo\u00e1tegui.- Este mi\u00e9rcoles 11 y jueves 12 de marzo, la Corporaci\u00f3n El\u00e9ctrica Nacional (CORPOELEC) efectuar\u00e1 jornadas integrales en los<\/p>\n","protected":false},"author":24,"featured_media":104196,"comment_status":"closed","ping_status":"closed","sticky":false,"template":"","format":"standard","meta":{"footnotes":""},"categories":[30],"tags":[3301,2691,2803,2704],"class_list":["post-105087","post","type-post","status-publish","format-standard","has-post-thumbnail","hentry","category-regionales","tag-anzoateguisucre","tag-corpoelec","tag-jornada-de-atencion-al-usuario","tag-mantenimiento"],"_links":{"self":[{"href":"https:\/\/mppee.gob.ve\/index.php?rest_route=\/wp\/v2\/posts\/105087","targetHints":{"allow":["GET"]}}],"collection":[{"href":"https:\/\/mppee.gob.ve\/index.php?rest_route=\/wp\/v2\/posts"}],"about":[{"href":"https:\/\/mppee.gob.ve\/index.php?rest_route=\/wp\/v2\/types\/post"}],"author":[{"embeddable":true,"href":"https:\/\/mppee.gob.ve\/index.php?rest_route=\/wp\/v2\/users\/24"}],"replies":[{"embeddable":true,"href":"https:\/\/mppee.gob.ve\/index.php?rest_route=%2Fwp%2Fv2%2Fcomments&post=105087"}],"version-history":[{"count":1,"href":"https:\/\/mppee.gob.ve\/index.php?rest_route=\/wp\/v2\/posts\/105087\/revisions"}],"predecessor-version":[{"id":105089,"href":"https:\/\/mppee.gob.ve\/index.php?rest_route=\/wp\/v2\/posts\/105087\/revisions\/105089"}],"wp:featuredmedia":[{"embeddable":true,"href":"https:\/\/mppee.gob.ve\/index.php?rest_route=\/wp\/v2\/media\/104196"}],"wp:attachment":[{"href":"https:\/\/mppee.gob.ve\/index.php?rest_route=%2Fwp%2Fv2%2Fmedia&parent=105087"}],"wp:term":[{"taxonomy":"category","embeddable":true,"href":"https:\/\/mppee.gob.ve\/index.php?rest_route=%2Fwp%2Fv2%2Fcategories&post=105087"},{"taxonomy":"post_tag","embeddable":true,"href":"https:\/\/mppee.gob.ve\/index.php?rest_route=%2Fwp%2Fv2%2Ftags&post=105087"}],"curies":[{"name":"wp","href":"https:\/\/api.w.org\/{rel}","templated":true}]}}