{"id":105114,"date":"2026-03-11T23:00:42","date_gmt":"2026-03-11T23:00:42","guid":{"rendered":"https:\/\/mppee.gob.ve\/?p=105114"},"modified":"2026-03-11T23:01:13","modified_gmt":"2026-03-11T23:01:13","slug":"avanza-recuperacion-del-sistema-hidrico-en-sucre-con-acciones-correctivas-en-estacion-manzanares","status":"publish","type":"post","link":"https:\/\/mppee.gob.ve\/?p=105114","title":{"rendered":"Avanza recuperaci\u00f3n del sistema h\u00eddrico en Sucre con acciones correctivas en estaci\u00f3n Manzanares"},"content":{"rendered":"\n<p><strong>Estado Sucre.- <\/strong>En un esfuerzo por reforzar el sistema h\u00eddrico de la regi\u00f3n oriental, el vicepresidente sectorial de Obras P\u00fablicas y Servicios, Jorge M\u00e1rquez, inspeccion\u00f3 las maniobras de alto impacto que se ejecutan en la estaci\u00f3n de bombeo Manzanares, ubicada en el estado Sucre.<\/p>\n\n\n\n<p>En esta infraestructura se desarrollan labores correctivas orientadas a optimizar el funcionamiento de los equipos de bombeo y avanzar en las reparaciones necesarias para normalizar la distribuci\u00f3n de agua potable.<\/p>\n\n\n\n<p>La intervenci\u00f3n t\u00e9cnica forma parte de las tareas que impulsa el Gobierno Nacional para atender sectores afectados por situaciones asociadas a la continuidad del servicio, priorizando la recuperaci\u00f3n de sistemas esenciales para el pueblo sucrense.<\/p>\n\n\n\n<p>El despliegue cuenta con el acompa\u00f1amiento del Poder Popular, que cumple un rol determinante en la distribuci\u00f3n eficiente del agua potable en el territorio.<\/p>\n\n\n\n<p>Estas acciones estrat\u00e9gicas, contempladas en la 2T: Ciudades Humanas para el Buen Vivir, Servicios P\u00fablicos e Infraestructura, refuerzan la capacidad operativa del sistema h\u00eddrico y garantizan un suministro m\u00e1s confiable para las familias orientales.<\/p>\n\n\n\n<p><strong>Prensa MPPEE-CORPOELEC<\/strong><\/p>\n","protected":false},"excerpt":{"rendered":"<p>Estado Sucre.- En un esfuerzo por reforzar el sistema h\u00eddrico de la regi\u00f3n oriental, el vicepresidente sectorial de Obras P\u00fablicas<\/p>\n","protected":false},"author":24,"featured_media":105115,"comment_status":"closed","ping_status":"closed","sticky":false,"template":"","format":"standard","meta":{"footnotes":""},"categories":[15],"tags":[3621,2763,3620],"class_list":["post-105114","post","type-post","status-publish","format-standard","has-post-thumbnail","hentry","category-nacionales","tag-estacion-de-bombeo","tag-jorge-marquez","tag-manzanares"],"_links":{"self":[{"href":"https:\/\/mppee.gob.ve\/index.php?rest_route=\/wp\/v2\/posts\/105114","targetHints":{"allow":["GET"]}}],"collection":[{"href":"https:\/\/mppee.gob.ve\/index.php?rest_route=\/wp\/v2\/posts"}],"about":[{"href":"https:\/\/mppee.gob.ve\/index.php?rest_route=\/wp\/v2\/types\/post"}],"author":[{"embeddable":true,"href":"https:\/\/mppee.gob.ve\/index.php?rest_route=\/wp\/v2\/users\/24"}],"replies":[{"embeddable":true,"href":"https:\/\/mppee.gob.ve\/index.php?rest_route=%2Fwp%2Fv2%2Fcomments&post=105114"}],"version-history":[{"count":1,"href":"https:\/\/mppee.gob.ve\/index.php?rest_route=\/wp\/v2\/posts\/105114\/revisions"}],"predecessor-version":[{"id":105116,"href":"https:\/\/mppee.gob.ve\/index.php?rest_route=\/wp\/v2\/posts\/105114\/revisions\/105116"}],"wp:featuredmedia":[{"embeddable":true,"href":"https:\/\/mppee.gob.ve\/index.php?rest_route=\/wp\/v2\/media\/105115"}],"wp:attachment":[{"href":"https:\/\/mppee.gob.ve\/index.php?rest_route=%2Fwp%2Fv2%2Fmedia&parent=105114"}],"wp:term":[{"taxonomy":"category","embeddable":true,"href":"https:\/\/mppee.gob.ve\/index.php?rest_route=%2Fwp%2Fv2%2Fcategories&post=105114"},{"taxonomy":"post_tag","embeddable":true,"href":"https:\/\/mppee.gob.ve\/index.php?rest_route=%2Fwp%2Fv2%2Ftags&post=105114"}],"curies":[{"name":"wp","href":"https:\/\/api.w.org\/{rel}","templated":true}]}}