{"id":105126,"date":"2026-03-12T14:52:22","date_gmt":"2026-03-12T14:52:22","guid":{"rendered":"https:\/\/mppee.gob.ve\/?p=105126"},"modified":"2026-03-12T14:53:09","modified_gmt":"2026-03-12T14:53:09","slug":"instalacion-de-transformadores-fortalece-red-electrica-de-valles-del-tuy","status":"publish","type":"post","link":"https:\/\/mppee.gob.ve\/?p=105126","title":{"rendered":"Instalaci\u00f3n de transformadores fortalece red el\u00e9ctrica de Valles del Tuy"},"content":{"rendered":"\n<p><strong>Estado Miranda.-<\/strong> Con el prop\u00f3sito de fortalecer el sistema de distribuci\u00f3n de energ\u00eda, la Corporaci\u00f3n El\u00e9ctrica Nacional (CORPOELEC) instal\u00f3 ocho transformadores con capacidades de 25, 37.5 kVA y 50 kVA en el municipio Rafael Urdaneta del estado Miranda, para beneficiar a m\u00e1s de 190 familias.<\/p>\n\n\n\n<p>El personal t\u00e9cnico se despleg\u00f3 en la urbanizaci\u00f3n Mara Country, donde instalaron tres bancos de transformaci\u00f3n de 25 kVA; mientras que en el sector La Culebra fue colocado un equipo de 50 kVA y en la comunidad El Conde uno de 25kVA. Asimismo, en la calle 8 de El Mirador del Bosque se conectaron tres equipos de 37.5 kVA a la red el\u00e9ctrica.<\/p>\n\n\n\n<p>Estas acciones responden a las solicitudes realizadas por las comunidades a trav\u00e9s de la L\u00ednea VenApp del 1&#215;10 del Buen Gobierno, acci\u00f3n que impacta de manera positiva en el servicio el\u00e9ctrico prestado en la parroquia C\u00faa, ubicada en el eje Valles del Tuy.<\/p>\n\n\n\n<p><strong>Prensa MPPEE-CORPOELEC<\/strong><\/p>\n","protected":false},"excerpt":{"rendered":"<p>Estado Miranda.- Con el prop\u00f3sito de fortalecer el sistema de distribuci\u00f3n de energ\u00eda, la Corporaci\u00f3n El\u00e9ctrica Nacional (CORPOELEC) instal\u00f3 ocho<\/p>\n","protected":false},"author":24,"featured_media":105127,"comment_status":"closed","ping_status":"closed","sticky":false,"template":"","format":"standard","meta":{"footnotes":""},"categories":[30],"tags":[2691,2709,2905],"class_list":["post-105126","post","type-post","status-publish","format-standard","has-post-thumbnail","hentry","category-regionales","tag-corpoelec","tag-miranda","tag-valles-del-tuy"],"_links":{"self":[{"href":"https:\/\/mppee.gob.ve\/index.php?rest_route=\/wp\/v2\/posts\/105126","targetHints":{"allow":["GET"]}}],"collection":[{"href":"https:\/\/mppee.gob.ve\/index.php?rest_route=\/wp\/v2\/posts"}],"about":[{"href":"https:\/\/mppee.gob.ve\/index.php?rest_route=\/wp\/v2\/types\/post"}],"author":[{"embeddable":true,"href":"https:\/\/mppee.gob.ve\/index.php?rest_route=\/wp\/v2\/users\/24"}],"replies":[{"embeddable":true,"href":"https:\/\/mppee.gob.ve\/index.php?rest_route=%2Fwp%2Fv2%2Fcomments&post=105126"}],"version-history":[{"count":1,"href":"https:\/\/mppee.gob.ve\/index.php?rest_route=\/wp\/v2\/posts\/105126\/revisions"}],"predecessor-version":[{"id":105128,"href":"https:\/\/mppee.gob.ve\/index.php?rest_route=\/wp\/v2\/posts\/105126\/revisions\/105128"}],"wp:featuredmedia":[{"embeddable":true,"href":"https:\/\/mppee.gob.ve\/index.php?rest_route=\/wp\/v2\/media\/105127"}],"wp:attachment":[{"href":"https:\/\/mppee.gob.ve\/index.php?rest_route=%2Fwp%2Fv2%2Fmedia&parent=105126"}],"wp:term":[{"taxonomy":"category","embeddable":true,"href":"https:\/\/mppee.gob.ve\/index.php?rest_route=%2Fwp%2Fv2%2Fcategories&post=105126"},{"taxonomy":"post_tag","embeddable":true,"href":"https:\/\/mppee.gob.ve\/index.php?rest_route=%2Fwp%2Fv2%2Ftags&post=105126"}],"curies":[{"name":"wp","href":"https:\/\/api.w.org\/{rel}","templated":true}]}}