{"id":105158,"date":"2026-03-12T20:50:02","date_gmt":"2026-03-12T20:50:02","guid":{"rendered":"https:\/\/mppee.gob.ve\/?p=105158"},"modified":"2026-03-12T20:52:24","modified_gmt":"2026-03-12T20:52:24","slug":"poder-popular-y-corpoelec-consolidan-proyecto-de-iluminacion-en-seis-sectores-de-puerto-ayacucho","status":"publish","type":"post","link":"https:\/\/mppee.gob.ve\/?p=105158","title":{"rendered":"Poder Popular y CORPOELEC consolidan proyecto de iluminaci\u00f3n en Puerto Ayacucho"},"content":{"rendered":"\n<p><strong>Estado Amazonas.-<\/strong> En un esfuerzo articulado entre el Poder Popular y la Corporaci\u00f3n El\u00e9ctrica Nacional (CORPOELEC), se ejecut\u00f3 el proyecto de iluminaci\u00f3n en la Comuna S\u00edmbolos Patrios, ubicada en el municipio Atures del estado Amazonas.<\/p>\n\n\n\n<p>Esta iniciativa, aprobada por el pueblo en la III Consulta Popular Nacional, cont\u00f3 con el financiamiento del Consejo Federal de Gobierno (CFG), demostrando la eficacia de la gesti\u00f3n comunitaria en la atenci\u00f3n de los servicios p\u00fablicos en la entidad.<\/p>\n\n\n\n<p>La jornada de instalaci\u00f3n contempl\u00f3 la colocaci\u00f3n de 150 luminarias LED de 150W, distribuidas estrat\u00e9gicamente para mejorar la seguridad y el bienestar de los habitantes de los sectores Brisas del Aeropuerto, 12 de Octubre, Colinas del Aeropuerto, Sim\u00f3n Bol\u00edvar, Chaparralito y la avenida El Ej\u00e9rcito.<\/p>\n\n\n\n<p>Estas labores t\u00e9cnicas no solo optimizan la visibilidad nocturna, sino que tambi\u00e9n contribuyen al ahorro energ\u00e9tico, gracias al uso de equipos de alta eficiencia y bajo consumo.<\/p>\n\n\n\n<p>El proyecto fue liderado por el consejo comunal Colinas del Aeropuerto, ente ejecutor de la obra, bajo la supervisi\u00f3n de Patricia Mu\u00f1oz, vocera de la Unidad Ejecutiva. Al respecto, destac\u00f3 que la culminaci\u00f3n de este proyecto \u00abes el resultado de la planificaci\u00f3n participativa y el apoyo t\u00e9cnico brindado por CORPOELEC, que nos acompa\u00f1\u00f3 en cada fase del despliegue operativo para asegurar la correcta puesta en marcha del sistema de alumbrado p\u00fablico de nuestros sectores\u00bb.<\/p>\n\n\n\n<p>Con esta dotaci\u00f3n, CORPOELEC reafirma su compromiso de trabajar junto a las bases populares para fortalecer el Sistema El\u00e9ctrico Nacional (SEN) y garantizar soluciones eficientes en el territorio.<\/p>\n\n\n\n<p><strong>Prensa MPPEE-CORPOELEC<\/strong><\/p>\n","protected":false},"excerpt":{"rendered":"<p>Estado Amazonas.- En un esfuerzo articulado entre el Poder Popular y la Corporaci\u00f3n El\u00e9ctrica Nacional (CORPOELEC), se ejecut\u00f3 el proyecto<\/p>\n","protected":false},"author":24,"featured_media":105159,"comment_status":"closed","ping_status":"closed","sticky":false,"template":"","format":"standard","meta":{"footnotes":""},"categories":[30],"tags":[2740,2691,2756,2918,3622],"class_list":["post-105158","post","type-post","status-publish","format-standard","has-post-thumbnail","hentry","category-regionales","tag-amazonas","tag-corpoelec","tag-iluminacion","tag-puerto-ayacucho","tag-simbolos-patrios"],"_links":{"self":[{"href":"https:\/\/mppee.gob.ve\/index.php?rest_route=\/wp\/v2\/posts\/105158","targetHints":{"allow":["GET"]}}],"collection":[{"href":"https:\/\/mppee.gob.ve\/index.php?rest_route=\/wp\/v2\/posts"}],"about":[{"href":"https:\/\/mppee.gob.ve\/index.php?rest_route=\/wp\/v2\/types\/post"}],"author":[{"embeddable":true,"href":"https:\/\/mppee.gob.ve\/index.php?rest_route=\/wp\/v2\/users\/24"}],"replies":[{"embeddable":true,"href":"https:\/\/mppee.gob.ve\/index.php?rest_route=%2Fwp%2Fv2%2Fcomments&post=105158"}],"version-history":[{"count":2,"href":"https:\/\/mppee.gob.ve\/index.php?rest_route=\/wp\/v2\/posts\/105158\/revisions"}],"predecessor-version":[{"id":105161,"href":"https:\/\/mppee.gob.ve\/index.php?rest_route=\/wp\/v2\/posts\/105158\/revisions\/105161"}],"wp:featuredmedia":[{"embeddable":true,"href":"https:\/\/mppee.gob.ve\/index.php?rest_route=\/wp\/v2\/media\/105159"}],"wp:attachment":[{"href":"https:\/\/mppee.gob.ve\/index.php?rest_route=%2Fwp%2Fv2%2Fmedia&parent=105158"}],"wp:term":[{"taxonomy":"category","embeddable":true,"href":"https:\/\/mppee.gob.ve\/index.php?rest_route=%2Fwp%2Fv2%2Fcategories&post=105158"},{"taxonomy":"post_tag","embeddable":true,"href":"https:\/\/mppee.gob.ve\/index.php?rest_route=%2Fwp%2Fv2%2Ftags&post=105158"}],"curies":[{"name":"wp","href":"https:\/\/api.w.org\/{rel}","templated":true}]}}