{"id":105165,"date":"2026-03-12T21:17:50","date_gmt":"2026-03-12T21:17:50","guid":{"rendered":"https:\/\/mppee.gob.ve\/?p=105165"},"modified":"2026-03-12T21:18:33","modified_gmt":"2026-03-12T21:18:33","slug":"desplegaran-atencion-personalizada-en-comunidades-portuguesenas-detalles","status":"publish","type":"post","link":"https:\/\/mppee.gob.ve\/?p=105165","title":{"rendered":"Desplegar\u00e1n atenci\u00f3n personalizada en comunidades portuguese\u00f1as (+Detalles)"},"content":{"rendered":"\n<p><strong>\u200eEstado Portuguesa.- <\/strong>Desde el viernes 13 hasta el s\u00e1bado 14 de marzo, la Corporaci\u00f3n El\u00e9ctrica Nacional (CORPOELEC) se desplegar\u00e1 en sectores del municipio Araure, ubicado en el estado Portuguesa, a trav\u00e9s de Jornadas Integrales de Atenci\u00f3n al Usuario.<\/p>\n\n\n\n<p>Los agentes comerciales facilitar\u00e1n el servicio de pago de sus facturas, notificaciones de deuda y gesti\u00f3n de tr\u00e1mites relacionados con el servicio el\u00e9ctrico. La jornada estar\u00e1 habilitada entre las 8:00 de la ma\u00f1ana y las 12:00 del mediod\u00eda.<\/p>\n\n\n\n<p>A continuaci\u00f3n, conozca los puntos de atenci\u00f3n:<\/p>\n\n\n\n<ul class=\"wp-block-list\">\n<li><strong>Viernes 13 de marzo<br><\/strong>\u200eComunidad Llano Alto, parroquia Aaraure.<\/li>\n<\/ul>\n\n\n\n<ul class=\"wp-block-list\">\n<li><strong>\u200eS\u00e1bado 14 de marzo <\/strong><br>\u200eComunidades: Plaza Antigua, Villa David, Villa Antigua, Plaza Dorada, Parque Cedral, Pueblo Nuevo y Casa de Campo, parroquia Araure.<\/li>\n<\/ul>\n\n\n\n<p>Para m\u00e1s informaci\u00f3n sobre las Jornadas Integrales de Atenci\u00f3n al Usuario, puede consultar la cuenta&nbsp;<a href=\"https:\/\/www.instagram.com\/corpoelecinfo\/\">@corpoelecinfo&nbsp;<\/a>en Instagram;&nbsp;<a href=\"https:\/\/www.facebook.com\/Corpoelecinfo\">Corpoelec Informa&nbsp;<\/a>en Facebook o visitar la p\u00e1gina web&nbsp;<a href=\"https:\/\/corpoelec.gob.ve\/\">corpoelec.gob.ve<\/a>.<\/p>\n\n\n\n<p><strong>Prensa MPPEE-CORPOELEC<\/strong><\/p>\n","protected":false},"excerpt":{"rendered":"<p>\u200eEstado Portuguesa.- Desde el viernes 13 hasta el s\u00e1bado 14 de marzo, la Corporaci\u00f3n El\u00e9ctrica Nacional (CORPOELEC) se desplegar\u00e1 en<\/p>\n","protected":false},"author":24,"featured_media":98318,"comment_status":"closed","ping_status":"closed","sticky":false,"template":"","format":"standard","meta":{"footnotes":""},"categories":[30],"tags":[2691,2725],"class_list":["post-105165","post","type-post","status-publish","format-standard","has-post-thumbnail","hentry","category-regionales","tag-corpoelec","tag-portuguesa"],"_links":{"self":[{"href":"https:\/\/mppee.gob.ve\/index.php?rest_route=\/wp\/v2\/posts\/105165","targetHints":{"allow":["GET"]}}],"collection":[{"href":"https:\/\/mppee.gob.ve\/index.php?rest_route=\/wp\/v2\/posts"}],"about":[{"href":"https:\/\/mppee.gob.ve\/index.php?rest_route=\/wp\/v2\/types\/post"}],"author":[{"embeddable":true,"href":"https:\/\/mppee.gob.ve\/index.php?rest_route=\/wp\/v2\/users\/24"}],"replies":[{"embeddable":true,"href":"https:\/\/mppee.gob.ve\/index.php?rest_route=%2Fwp%2Fv2%2Fcomments&post=105165"}],"version-history":[{"count":1,"href":"https:\/\/mppee.gob.ve\/index.php?rest_route=\/wp\/v2\/posts\/105165\/revisions"}],"predecessor-version":[{"id":105168,"href":"https:\/\/mppee.gob.ve\/index.php?rest_route=\/wp\/v2\/posts\/105165\/revisions\/105168"}],"wp:featuredmedia":[{"embeddable":true,"href":"https:\/\/mppee.gob.ve\/index.php?rest_route=\/wp\/v2\/media\/98318"}],"wp:attachment":[{"href":"https:\/\/mppee.gob.ve\/index.php?rest_route=%2Fwp%2Fv2%2Fmedia&parent=105165"}],"wp:term":[{"taxonomy":"category","embeddable":true,"href":"https:\/\/mppee.gob.ve\/index.php?rest_route=%2Fwp%2Fv2%2Fcategories&post=105165"},{"taxonomy":"post_tag","embeddable":true,"href":"https:\/\/mppee.gob.ve\/index.php?rest_route=%2Fwp%2Fv2%2Ftags&post=105165"}],"curies":[{"name":"wp","href":"https:\/\/api.w.org\/{rel}","templated":true}]}}