{"id":105175,"date":"2026-03-13T13:22:13","date_gmt":"2026-03-13T13:22:13","guid":{"rendered":"https:\/\/mppee.gob.ve\/?p=105175"},"modified":"2026-03-13T13:22:46","modified_gmt":"2026-03-13T13:22:46","slug":"corpoelec-brinda-asesoria-integral-en-cuatro-municipios-guariquenos","status":"publish","type":"post","link":"https:\/\/mppee.gob.ve\/?p=105175","title":{"rendered":"CORPOELEC brinda asesor\u00eda integral en cuatro municipios guarique\u00f1os"},"content":{"rendered":"\n<p><strong>\u200e\u200eEstado Gu\u00e1rico.-<\/strong> La Corporaci\u00f3n El\u00e9ctrica Nacional (CORPOELEC) realizar\u00e1 este s\u00e1bado 14 de marzo, Jornadas Integrales de Atenci\u00f3n al Usuario en el estado Gu\u00e1rico.<\/p>\n\n\n\n<p>\u200e\u200eLos usuarios podr\u00e1n realizar actualizaci\u00f3n de datos, recibir notificaciones de deuda, asesor\u00eda en tr\u00e1mites relacionados al servicio y pagar sus facturas, a trav\u00e9s de los puntos de ventas autorizados, en un horario comprendido desde las 08:00 de la ma\u00f1ana hasta las 01:00 de la tarde.<\/p>\n\n\n\n<p>\u200e\u200eLos puntos de atenci\u00f3n estar\u00e1n ubicados en:<\/p>\n\n\n\n<p>\u200e\u200e- Sector Los Laureles, calle Los Llanos, parroquia San Juan de los Morros, municipio Juan Germ\u00e1n Roscio.<\/p>\n\n\n\n<p>\u200e\u200e- Sector Los Llanos, conjunto residencial El Bosque torre 1 y torre 2, parroquia San Juan de los Morros, municipio Juan Germ\u00e1n Roscio.<\/p>\n\n\n\n<p>\u200e\u200e- Sector Centro, calle Uni\u00f3n, parroquia El Sombrero, municipio Juli\u00e1n Mellado.<\/p>\n\n\n\n<p>\u200e\u200e- Urbanizaci\u00f3n Padre Chac\u00edn, parroquia Valle de la Pascua, municipio Leonardo Infante.<\/p>\n\n\n\n<p>\u200e\u200e- Sector Banco Obrero, calles M\u00e9rida, Colombia y El Molino, municipio Santa Mar\u00eda de Ipire.<\/p>\n\n\n\n<p>\u200e\u200ePara mayor informaci\u00f3n sobre las Jornadas Integrales de Atenci\u00f3n al Usuario, puede visitar la cuenta oficial de la red social de Instagram @corpoelecinfo.<\/p>\n\n\n\n<p><strong>\u200e\u200ePrensa MPPEE-CORPOELEC<\/strong><\/p>\n","protected":false},"excerpt":{"rendered":"<p>\u200e\u200eEstado Gu\u00e1rico.- La Corporaci\u00f3n El\u00e9ctrica Nacional (CORPOELEC) realizar\u00e1 este s\u00e1bado 14 de marzo, Jornadas Integrales de Atenci\u00f3n al Usuario en<\/p>\n","protected":false},"author":24,"featured_media":104331,"comment_status":"closed","ping_status":"closed","sticky":false,"template":"","format":"standard","meta":{"footnotes":""},"categories":[30],"tags":[2691,2729,2803,11],"class_list":["post-105175","post","type-post","status-publish","format-standard","has-post-thumbnail","hentry","category-regionales","tag-corpoelec","tag-guarico","tag-jornada-de-atencion-al-usuario","tag-mppee"],"_links":{"self":[{"href":"https:\/\/mppee.gob.ve\/index.php?rest_route=\/wp\/v2\/posts\/105175","targetHints":{"allow":["GET"]}}],"collection":[{"href":"https:\/\/mppee.gob.ve\/index.php?rest_route=\/wp\/v2\/posts"}],"about":[{"href":"https:\/\/mppee.gob.ve\/index.php?rest_route=\/wp\/v2\/types\/post"}],"author":[{"embeddable":true,"href":"https:\/\/mppee.gob.ve\/index.php?rest_route=\/wp\/v2\/users\/24"}],"replies":[{"embeddable":true,"href":"https:\/\/mppee.gob.ve\/index.php?rest_route=%2Fwp%2Fv2%2Fcomments&post=105175"}],"version-history":[{"count":1,"href":"https:\/\/mppee.gob.ve\/index.php?rest_route=\/wp\/v2\/posts\/105175\/revisions"}],"predecessor-version":[{"id":105178,"href":"https:\/\/mppee.gob.ve\/index.php?rest_route=\/wp\/v2\/posts\/105175\/revisions\/105178"}],"wp:featuredmedia":[{"embeddable":true,"href":"https:\/\/mppee.gob.ve\/index.php?rest_route=\/wp\/v2\/media\/104331"}],"wp:attachment":[{"href":"https:\/\/mppee.gob.ve\/index.php?rest_route=%2Fwp%2Fv2%2Fmedia&parent=105175"}],"wp:term":[{"taxonomy":"category","embeddable":true,"href":"https:\/\/mppee.gob.ve\/index.php?rest_route=%2Fwp%2Fv2%2Fcategories&post=105175"},{"taxonomy":"post_tag","embeddable":true,"href":"https:\/\/mppee.gob.ve\/index.php?rest_route=%2Fwp%2Fv2%2Ftags&post=105175"}],"curies":[{"name":"wp","href":"https:\/\/api.w.org\/{rel}","templated":true}]}}